{"id":6221,"date":"2024-02-11T20:28:54","date_gmt":"2024-02-11T20:28:54","guid":{"rendered":"https:\/\/bandyforbundet.no\/bandy\/?post_type=msswb-post&#038;p=6221"},"modified":"2024-02-11T20:32:02","modified_gmt":"2024-02-11T20:32:02","slug":"nye-valle-hovin-apnet","status":"publish","type":"msswb-post","link":"https:\/\/bandyforbundet.no\/bandy\/?msswb-post=nye-valle-hovin-apnet","title":{"rendered":"Nye Valle Hovin \u00e5pnet"},"content":{"rendered":"\n<h1 class=\"wp-block-heading\"><strong>Ting Tar Tid<\/strong><strong><sub> <\/sub><\/strong><\/h1>\n\n\n\n<p>Hall-prosjektet for nye Valle Hovin startet i 2002. Det har v\u00e6rt en kronglete vei, men gjennombruddet kom i 2018, da R\u00f8dts Marit Halse konkluderte med at man burde dele prosjektet opp i to faser; f\u00f8rst ny utend\u00f8rs kunstisbane forberedt for hallen og i fase to selve hallen. Det sittende byr\u00e5det (2015-23) hadde en periode intensjon om kun \u00e5 renovere isflaten, noe som ville utelukket muligheten for en ishall i fremtiden. Da oppstod begrepet &laquo;Valle Hovin kameratene&raquo; med Siavash Mobasheri fra R\u00f8dt, Marit K. Vea fra V, Anne H. Rygg fra H og Camilla Wilhelmsen fra FrP. Med st\u00f8tte fra disse partiene, samt KrF og SP, fikk vi politisk gjennomslag for \u00e5 bygge Valle Hovin med tanke p\u00e5 fremtidig hall.<\/p>\n\n\n\n<p>Oslo Bygg dro i gang byggeprosjektet i mars 2022. Byggekostnadene var stipulert til 325 MNOK ekskl. mva., &laquo;Interesseorganisasjonen for Valle Hovin&raquo; best\u00e5ende av den dyktige leder Henning Haglund, Carl Erik Sando, Snorre Kverndokk, B\u00f8rre Rognlien og fra NBF Tor Audun S\u00f8rensen, hadde mandat til \u00e5 representere is-idrettene i alle byggem\u00f8tene. &laquo;Interesseorganisasjonen&raquo; har til n\u00e5 registret dr\u00f8yt 400 m\u00f8ter for Valle Hovin-saken, s\u00e6rdeles mange i R\u00e5dhuset, men kommer ikke til \u00e5 stoppe f\u00f8r sk\u00f8yte- og bandyhallen er en realitet. I det nye byr\u00e5dets Hammersborg-erkl\u00e6ring og politiske plattform (november 2023) omtales tak over Valle Hovin spesifikt.  Det er allerede p\u00e5 2024-budsjettet satt av et erfaringsmessig fornuftig bel\u00f8p til forprosjektet. M\u00e5let er at sk\u00f8yte og bandyhallen skal st\u00e5 ferdig i 2025.<\/p>\n\n\n\n<p><strong>Noen fakta: <\/strong>Sk\u00f8yteanlegget er flyttet 30m vestover og fundamentert til fjell. Totalt 495 peler p\u00e5 til sammen 15 km. Det er lagt ned 115 km kj\u00f8ler\u00f8r og 23 km r\u00f8r med undervarme. Det er fylt p\u00e5 70.000 liter med ammoniakkvann til fryseanlegget og 16.000 liter glykosevann til undervarmeanlegget. Lufteanlegget er dimensjonert for fremtidig ishall. Under bakken er det fundamentet for fremtidig takoverbygning. <\/p>\n\n\n<div class=\"msswb-image-frontend-app\"data-href-target=\"false\" data-href=\"%22%22\" data-use-link=\"false\" data-screen-width=\"false\" data-alignment=\"%22center%22\" data-url=\"%22%5C%2Fwp-content%5C%2Fuploads%5C%2Fsites%5C%2F4%5C%2F2024%5C%2F02%5C%2FNye-Valle-Hovin-10febr2024B.jpg%22\" data-is-background-image=\"false\" data-border-radius=\"0\" data-image-width=\"2000\" data-image-height=\"900\" data-selected-image=\"%7B%22image_id%22%3A6226%2C%22blog_id%22%3A4%2C%22term_id%22%3A93%2C%22selected_size%22%3A%22full%22%7D\" data-image-aspect-ratio=\"0.45\" data-alt-text=\"%22%22\" data-caption=\"%22Fra%20befaringen%20i%20det%20gigantiske%20maskinrommet%20under%20den%20nye%20kunstisbanen.%20%5CnFv.%3A%20Sk%5Cu00f8ytepresident%20Mona%20Adolfsen%2C%20Bandyforbundets%20Generalsekret%5Cu00e6r%20Tomas%20Jonsson%2C%20Administrerende%20direkt%5Cu00f8r%20i%20Oslo%20Bygg%20KF%20Eli%20Grimsrud%20og%20Byr%5Cu00e5desleder%20Eirik%20Lae%20Solberg.%20Foto%3A%20Tor%20Audun%20S%5Cu00f8rensen%2C%20NBF.%22\" data-width=\"400\" data-height=\"180\" data-focal-point=\"\" data-show-light-box=\"false\" >\n<div class=\"msswb-image-block msswbcenter\" style=\"width:400px\"><div class=\"msswb-image \"><div class=\"image-container\" style=\"width:400px;height:180px\"><img decoding=\"async\" style=\"width:400px;height:180px\" src=\"\/wp-content\/uploads\/sites\/4\/2024\/02\/Nye-Valle-Hovin-10febr2024B.jpg\" \/><\/div><\/div><div class=\"msswb-image-caption-container\"><div class=\"msswb-image-caption\">Fra befaringen i det gigantiske maskinrommet under den nye kunstisbanen. \nFv.: Sk\u00f8ytepresident Mona Adolfsen, Bandyforbundets Generalsekret\u00e6r Tomas Jonsson, Administrerende direkt\u00f8r i Oslo Bygg KF Eli Grimsrud og Byr\u00e5desleder Eirik Lae Solberg. Foto: Tor Audun S\u00f8rensen, NBF.<\/div><\/div><\/div>\n<\/div>\n\n\n<p>Les mer fra Oslo Bygg KF her: <a href=\"https:\/\/www.mynewsdesk.com\/no\/oslobygg-kf\/pressreleases\/valle-hovin-stadion-aapnet-for-publikum-3303081\">https:\/\/www.mynewsdesk.com\/no\/oslobygg-kf\/pressreleases\/valle-hovin-stadion-aapnet-for-publikum-3303081<\/a><\/p>\n","protected":false},"excerpt":{"rendered":"<p>I juni 2020 vedtok Oslo kommune \u00e5 rehabilitere Valle Hovin kunstisbane og forberede for en fremtidig hall. I desember 2023 ble det avsatt midler til et forprosjekt for sk\u00f8yte- og bandyhallen.<\/p>\n","protected":false},"author":46,"template":"","meta":{"article_featured_image":"{\"image_id\":6225,\"blog_id\":4,\"term_id\":105,\"selected_size\":\"full\",\"extendedData\":{\"selectedSize\":{\"url\":\"\/wp-content\/uploads\/sites\/4\/2024\/02\/Nye-Valle-Hovin-10febr2024A.jpg\",\"width\":2000,\"height\":900,\"aspectRatio\":0.45},\"media\":{\"image_name\":\"Nye Valle Hovin 10febr2024A\",\"image\":{\"ID\":6225,\"post_author\":\"46\",\"post_date\":\"2024-02-11 12:09:07\",\"post_date_gmt\":\"2024-02-11 12:09:07\",\"post_content\":\"\",\"post_title\":\"Nye Valle Hovin 10febr2024A\",\"post_excerpt\":\"Nye Valle Hovin p\u00e5 \u00e5pningsdagen 10. februar 2024.\",\"post_status\":\"inherit\",\"comment_status\":\"closed\",\"ping_status\":\"closed\",\"post_password\":\"\",\"post_name\":\"nye-valle-hovin-10febr2024a\",\"to_ping\":\"\",\"pinged\":\"\",\"post_modified\":\"2024-02-11 12:17:11\",\"post_modified_gmt\":\"2024-02-11 12:17:11\",\"post_content_filtered\":\"\",\"post_parent\":0,\"guid\":\"https:\/\/bandyforbundet.no\/bandy\/wp-content\/uploads\/sites\/4\/2024\/02\/Nye-Valle-Hovin-10febr2024A.jpg\",\"menu_order\":0,\"post_type\":\"attachment\",\"post_mime_type\":\"image\/jpeg\",\"comment_count\":\"0\",\"filter\":\"raw\"},\"image_sizes\":{\"full\":{\"url\":\"\/wp-content\/uploads\/sites\/4\/2024\/02\/Nye-Valle-Hovin-10febr2024A.jpg\",\"width\":2000,\"height\":900,\"aspectRatio\":0.45},\"medium\":{\"url\":\"\/wp-content\/uploads\/sites\/4\/2024\/02\/Nye-Valle-Hovin-10febr2024A-300x135.jpg\",\"width\":300,\"height\":300},\"large\":{\"url\":\"\/wp-content\/uploads\/sites\/4\/2024\/02\/Nye-Valle-Hovin-10febr2024A-1024x461.jpg\",\"width\":1024,\"height\":1024},\"thumbnail\":{\"url\":\"\/wp-content\/uploads\/sites\/4\/2024\/02\/Nye-Valle-Hovin-10febr2024A-150x150.jpg\",\"width\":150,\"height\":150},\"medium_large\":{\"url\":\"\/wp-content\/uploads\/sites\/4\/2024\/02\/Nye-Valle-Hovin-10febr2024A-768x346.jpg\",\"width\":768,\"height\":768},\"1536x1536\":{\"url\":\"\/wp-content\/uploads\/sites\/4\/2024\/02\/Nye-Valle-Hovin-10febr2024A-1536x691.jpg\",\"width\":1536,\"height\":1536},\"large-thumb\":{\"url\":\"\/wp-content\/uploads\/sites\/4\/2024\/02\/Nye-Valle-Hovin-10febr2024A-600x600.jpg\",\"width\":600,\"height\":600},\"post-thumbnail\":{\"url\":\"\/wp-content\/uploads\/sites\/4\/2024\/02\/Nye-Valle-Hovin-10febr2024A-1200x540.jpg\",\"width\":1200,\"height\":1200},\"twentytwenty-fullscreen\":{\"url\":\"\/wp-content\/uploads\/sites\/4\/2024\/02\/Nye-Valle-Hovin-10febr2024A-1980x891.jpg\",\"width\":1980,\"height\":1980}},\"image_meta\":{\"aperture\":\"0\",\"credit\":\"\",\"camera\":\"\",\"caption\":\"\",\"created_timestamp\":\"0\",\"copyright\":\"\",\"focal_length\":\"0\",\"iso\":\"0\",\"shutter_speed\":\"0\",\"title\":\"\",\"orientation\":\"1\",\"keywords\":[]},\"image_excerpt\":\"Nye Valle Hovin p\u00e5 \u00e5pningsdagen 10. februar 2024.\",\"image_alt\":\"\",\"subdir\":\"2024\/02\"},\"blog\":{\"blog_name\":\"Bandy\",\"blog_path\":\"https:\/\/bandyforbundet.no\/bandy\",\"base_url\":\"\/bandy\",\"base_uploads_url\":\"\/wp-content\/uploads\/sites\/4\"},\"mediaCategory\":{\"term_id\":105,\"name\":\"Arena\/bane\",\"slug\":\"arena-bane\",\"term_group\":0,\"term_taxonomy_id\":105,\"taxonomy\":\"msswb-media-categories\",\"description\":\"\",\"parent\":104,\"count\":72,\"filter\":\"raw\"},\"mediaCategories\":[{\"term_id\":105,\"name\":\"Arena\/bane\",\"slug\":\"arena-bane\",\"term_group\":0,\"term_taxonomy_id\":105,\"taxonomy\":\"msswb-media-categories\",\"description\":\"\",\"parent\":104,\"count\":72,\"filter\":\"raw\"},{\"term_id\":93,\"name\":\"Bandy\",\"slug\":\"bandy\",\"term_group\":0,\"term_taxonomy_id\":93,\"taxonomy\":\"msswb-media-categories\",\"description\":\"\",\"parent\":0,\"count\":492,\"filter\":\"raw\"},{\"term_id\":94,\"name\":\"Bilder_til_artikkellister\",\"slug\":\"bilder_til_artikkellister\",\"term_group\":0,\"term_taxonomy_id\":94,\"taxonomy\":\"msswb-media-categories\",\"description\":\"\",\"parent\":93,\"count\":130,\"filter\":\"raw\"}]},\"show_desc\":true,\"image_desc\":\"Nye Valle Hovin p\u00e5 \u00e5pningsdagen 10. februar 2024.\"}","footnotes":""},"categories":[38,2,37],"msswb-post-shared":[79,80],"class_list":["post-6221","msswb-post","type-msswb-post","status-publish","hentry","category-anlegg","category-bandy","category-praktisk-info","msswb-post-shared-artikler","msswb-post-shared-bandy-til-forbundet"],"_links":{"self":[{"href":"https:\/\/bandyforbundet.no\/bandy\/index.php?rest_route=\/wp\/v2\/msswb-post\/6221","targetHints":{"allow":["GET"]}}],"collection":[{"href":"https:\/\/bandyforbundet.no\/bandy\/index.php?rest_route=\/wp\/v2\/msswb-post"}],"about":[{"href":"https:\/\/bandyforbundet.no\/bandy\/index.php?rest_route=\/wp\/v2\/types\/msswb-post"}],"author":[{"embeddable":true,"href":"https:\/\/bandyforbundet.no\/bandy\/index.php?rest_route=\/wp\/v2\/users\/46"}],"version-history":[{"count":14,"href":"https:\/\/bandyforbundet.no\/bandy\/index.php?rest_route=\/wp\/v2\/msswb-post\/6221\/revisions"}],"predecessor-version":[{"id":6237,"href":"https:\/\/bandyforbundet.no\/bandy\/index.php?rest_route=\/wp\/v2\/msswb-post\/6221\/revisions\/6237"}],"wp:attachment":[{"href":"https:\/\/bandyforbundet.no\/bandy\/index.php?rest_route=%2Fwp%2Fv2%2Fmedia&parent=6221"}],"wp:term":[{"taxonomy":"category","embeddable":true,"href":"https:\/\/bandyforbundet.no\/bandy\/index.php?rest_route=%2Fwp%2Fv2%2Fcategories&post=6221"},{"taxonomy":"msswb-post-shared","embeddable":true,"href":"https:\/\/bandyforbundet.no\/bandy\/index.php?rest_route=%2Fwp%2Fv2%2Fmsswb-post-shared&post=6221"}],"curies":[{"name":"wp","href":"https:\/\/api.w.org\/{rel}","templated":true}]}}