{"id":7332,"date":"2025-05-23T14:38:13","date_gmt":"2025-05-23T14:38:13","guid":{"rendered":"https:\/\/bandyforbundet.no\/bandy\/?post_type=msswb-post&#038;p=7332"},"modified":"2025-06-04T11:12:52","modified_gmt":"2025-06-04T11:12:52","slug":"landslagsuttak-for-u17-gutter-7","status":"publish","type":"msswb-post","link":"https:\/\/bandyforbundet.no\/bandy\/?msswb-post=landslagsuttak-for-u17-gutter-7","title":{"rendered":"Landslagsuttak for U17 gutter"},"content":{"rendered":"\n<p>Norges Bandyforbund har tatt ut f\u00f8lgende spillere til f\u00f8rste samling for U17-landslag for gutter<\/p>\n\n\n\n<div class=\"wp-block-msswb-panel msswb-panel-container\"><div class=\"mwwsb-panel-header\"><div class=\"mwwsb-panel-title\">Uttaket<\/div><div class=\"mwwsb-panel-icon\"><span class=\"dashicon dashicons dashicons-arrow-down-alt2\"><\/span><\/div><\/div><div class=\"msswb-panel-content\">\n<figure class=\"wp-block-table\"><table><thead><tr><th>Navn<\/th><th>Klubb<\/th><\/tr><\/thead><tbody><tr><td>Fredrik Stang<\/td><td>Snar\u00f8ya<\/td><\/tr><tr><td>Stanislav Busorgin<\/td><td>Ready<\/td><\/tr><tr><td>Samuel Bryhni<\/td><td>Ready<\/td><\/tr><tr><td>Petter Nordby<\/td><td>R\u00f8a<\/td><\/tr><tr><td>Mikkel Dahl<\/td><td>Ready<\/td><\/tr><tr><td>Leander Witz\u00f8e<\/td><td>R\u00f8a<\/td><\/tr><tr><td>Victor Ericsson<\/td><td>R\u00f8a<\/td><\/tr><tr><td>Fredrik Hildisch<\/td><td>Ready<\/td><\/tr><tr><td>Gustav Haugen<\/td><td>Ready<\/td><\/tr><tr><td>Jesper Blixt<\/td><td>Ready<\/td><\/tr><tr><td>Oliver Stave<\/td><td>Ready<\/td><\/tr><tr><td>Niklas Sydhagen<\/td><td>Hamar<\/td><\/tr><tr><td>Jesper Nesvaag<\/td><td>Hamar<\/td><\/tr><tr><td>Viktor Tao Karlstr\u00f8m<\/td><td>Hauger<\/td><\/tr><tr><td>Tobias Kanck-V\u00e5rdal<\/td><td>Hauger<\/td><\/tr><tr><td>Haakon Aasb\u00f8 Bj\u00f8rnerheim<\/td><td>Hauger<\/td><\/tr><tr><td>Lars Oliver Hauger<\/td><td>Stab\u00e6k<\/td><\/tr><tr><td>Trym Hagen Asp<\/td><td>Stab\u00e6k<\/td><\/tr><tr><td>Mathias Eirheim<\/td><td>Stab\u00e6k<\/td><\/tr><tr><td>Jonathan Toset Apenes<\/td><td>Stab\u00e6k<\/td><\/tr><tr><td>Felix Poulsen<\/td><td>Stab\u00e6k<\/td><\/tr><tr><td>Jens Julian Willoch<\/td><td>Stab\u00e6k<\/td><\/tr><tr><td>Martin Rygh Braute<\/td><td>Stab\u00e6k<\/td><\/tr><tr><td>Neo Stensland<\/td><td>Stab\u00e6k<\/td><\/tr><tr><td>Even Stensrud<\/td><td>Konnerud<\/td><\/tr><tr><td>Iver Prestgaard<\/td><td>Konnerud<\/td><\/tr><tr><td>Gabriel Storleer Tolo<\/td><td>Konnerud<\/td><\/tr><tr><td>Martin Pettersson<\/td><td>Mj\u00f8ndalen<\/td><\/tr><tr><td>Nilas Enger Andersen<\/td><td>Drammen Bandy<\/td><\/tr><tr><td>Alexander Westeng<\/td><td>Drammen Bandy<\/td><\/tr><tr><td>Leif Ole Riedel<\/td><td>Drammen Bandy<\/td><\/tr><tr><td>Million Iversen<\/td><td>Drammen Bandy<\/td><\/tr><tr><td>Falk Solberg<\/td><td>Drammen Bandy<\/td><\/tr><tr><td>Krisander Iversen<\/td><td>Solberg<\/td><\/tr><tr><td>Didrik Gjertsen<\/td><td>Solberg<\/td><\/tr><tr><td>Lucas Winn\u00e6ss<\/td><td>Solberg<\/td><\/tr><tr><td>Max Berens<\/td><td>Ullev\u00e5l<\/td><\/tr><tr><td>Sverre Kjeldstadslie<\/td><td>Ullev\u00e5l<\/td><\/tr><tr><td>Axel Bull R\u00e6rlien<\/td><td>Ullev\u00e5l<\/td><\/tr><tr><td>Fillip Frydenlund<\/td><td>\u00d8HIL<\/td><\/tr><tr><td>Kristian Reistad<\/td><td>\u00d8HIL<\/td><\/tr><tr><td>Johannes Dahlen<\/td><td>\u00d8HIL<\/td><\/tr><tr><td>Leo Leikvang<\/td><td>Ullern<\/td><\/tr><tr><td>Albert Wetlesen<\/td><td>Ullern<\/td><\/tr><\/tbody><\/table><\/figure>\n\n\n\n<p><em><strong>Merk<\/strong>! Forbundet forholder seg til den klubben spilleren sist st\u00e5r registrert i og endrer n\u00e5r overgang<br>er formelt godkjent.<\/em><\/p>\n<\/div><\/div>\n\n\n\n<div class=\"wp-block-msswb-panel msswb-panel-container\"><div class=\"mwwsb-panel-header\"><div class=\"mwwsb-panel-title\">Program<\/div><div class=\"mwwsb-panel-icon\"><span class=\"dashicon dashicons dashicons-arrow-down-alt2\"><\/span><\/div><\/div><div class=\"msswb-panel-content\">\n<p><strong>15:15:<\/strong> Oppm\u00f8te<br><strong>15:30: <\/strong>M\u00f8te og informasjon<br><strong>17:00: <\/strong>Istrening<br><strong>19:00<\/strong>: Samling slutt<\/p>\n<\/div><\/div>\n\n\n\n<div class=\"wp-block-msswb-panel msswb-panel-container\"><div class=\"mwwsb-panel-header\"><div class=\"mwwsb-panel-title\">Ren ut\u00f8ver<\/div><div class=\"mwwsb-panel-icon\"><span class=\"dashicon dashicons dashicons-arrow-down-alt2\"><\/span><\/div><\/div><div class=\"msswb-panel-content\">\n<p>Alle spillere m\u00e5 ta &laquo;Ren Ut\u00f8ver&raquo;. Kurset tar maks. 30 minutter \u00e5 gjennomf\u00f8re. Kursdiplom skal fremvises p\u00e5 samling.<\/p>\n\n\n\n<p>Link til kurset: <a href=\"https:\/\/bandyforbundet.no\/forbundet\/?msswb-post=ny-ren-utover\">https:\/\/bandyforbundet.no\/forbundet\/?msswb-post=ny-ren-utover<\/a><\/p>\n<\/div><\/div>\n\n\n\n<p><strong>Forbundskaptein<\/strong>: Sondre Erik Hammerstad<\/p>\n\n\n\n<p><strong>Norges Bandyforbund gratulerer alle spillerne med uttaket!  <\/strong>&nbsp;&nbsp;&nbsp;&nbsp;&nbsp;&nbsp;&nbsp;&nbsp;&nbsp;&nbsp;&nbsp;&nbsp;&nbsp;&nbsp;&nbsp;&nbsp;&nbsp;&nbsp;&nbsp;&nbsp;&nbsp;&nbsp;&nbsp;&nbsp;&nbsp;&nbsp;&nbsp;&nbsp;&nbsp;&nbsp;&nbsp;&nbsp;&nbsp;&nbsp;&nbsp;&nbsp;&nbsp;&nbsp;&nbsp;&nbsp;&nbsp;&nbsp;&nbsp;&nbsp;&nbsp;&nbsp;&nbsp;&nbsp;&nbsp;&nbsp;&nbsp;&nbsp;&nbsp;&nbsp;&nbsp;&nbsp;&nbsp;&nbsp;&nbsp;&nbsp;&nbsp;&nbsp;&nbsp;&nbsp;&nbsp;&nbsp;&nbsp;&nbsp;&nbsp;&nbsp;&nbsp;&nbsp;&nbsp;&nbsp;&nbsp;&nbsp;&nbsp;&nbsp;&nbsp;&nbsp;&nbsp;&nbsp;&nbsp;&nbsp;&nbsp;&nbsp;&nbsp;&nbsp;&nbsp;&nbsp; &nbsp;&nbsp;&nbsp;&nbsp;&nbsp;&nbsp;&nbsp;&nbsp;&nbsp;&nbsp;&nbsp;&nbsp;&nbsp;&nbsp;&nbsp;&nbsp;&nbsp;&nbsp;&nbsp;&nbsp;&nbsp;&nbsp;&nbsp;&nbsp;&nbsp;&nbsp;&nbsp;&nbsp;&nbsp;&nbsp;&nbsp;&nbsp;&nbsp;&nbsp;&nbsp;&nbsp;&nbsp;&nbsp;&nbsp;&nbsp;&nbsp;&nbsp;&nbsp;&nbsp;&nbsp;&nbsp;&nbsp;&nbsp;&nbsp;&nbsp;&nbsp;<\/p>\n\n\n\n<p><a rel=\"noreferrer noopener\" href=\"https:\/\/www.facebook.com\/profile.php?id=100092315631933\" target=\"_blank\">Klikk her for \u00e5 f\u00f8lge oss p\u00e5 Facebook<\/a><\/p>\n\n\n\n<p><a rel=\"noreferrer noopener\" href=\"https:\/\/www.instagram.com\/nbf_bandy\/\" data-type=\"URL\" data-id=\"https:\/\/www.instagram.com\/nbf_bandy\/\" target=\"_blank\">Klikk her for \u00e5 f\u00f8lge oss p\u00e5 Instagram<\/a><\/p>\n","protected":false},"excerpt":{"rendered":"<p>NBF har tatt ut f\u00f8lgende spillere til landslagssamling l\u00f8rdag 21. juni i Jar isforum.<\/p>\n","protected":false},"author":66,"template":"","meta":{"article_featured_image":"{\"image_id\":4848,\"blog_id\":4,\"term_id\":93,\"selected_size\":\"full\",\"extendedData\":{\"selectedSize\":{\"url\":\"\/wp-content\/uploads\/sites\/4\/2023\/01\/GutteVM7.2023.jpg\",\"width\":1025,\"height\":969,\"aspectRatio\":0.95},\"media\":{\"image_name\":\"GutteVM7.2023\",\"image\":{\"ID\":4848,\"post_author\":\"46\",\"post_date\":\"2023-01-24 13:46:20\",\"post_date_gmt\":\"2023-01-24 13:46:20\",\"post_content\":\"\",\"post_title\":\"GutteVM7.2023\",\"post_excerpt\":\"VM bandy gutter 17 Ruddalen, G\u00f8teborg. Foto: Bj\u00f8rnar Dynge.\",\"post_status\":\"inherit\",\"comment_status\":\"closed\",\"ping_status\":\"closed\",\"post_password\":\"\",\"post_name\":\"guttevm7-2023\",\"to_ping\":\"\",\"pinged\":\"\",\"post_modified\":\"2023-01-24 13:55:35\",\"post_modified_gmt\":\"2023-01-24 13:55:35\",\"post_content_filtered\":\"\",\"post_parent\":0,\"guid\":\"https:\/\/bandyforbundet.no\/bandy\/wp-content\/uploads\/sites\/4\/2023\/01\/GutteVM7.2023.jpg\",\"menu_order\":0,\"post_type\":\"attachment\",\"post_mime_type\":\"image\/jpeg\",\"comment_count\":\"0\",\"filter\":\"raw\"},\"image_sizes\":{\"full\":{\"url\":\"\/wp-content\/uploads\/sites\/4\/2023\/01\/GutteVM7.2023.jpg\",\"width\":1025,\"height\":969,\"aspectRatio\":0.95},\"medium\":{\"url\":\"\/wp-content\/uploads\/sites\/4\/2023\/01\/GutteVM7.2023-300x284.jpg\",\"width\":300,\"height\":300},\"thumbnail\":{\"url\":\"\/wp-content\/uploads\/sites\/4\/2023\/01\/GutteVM7.2023-150x150.jpg\",\"width\":150,\"height\":150},\"medium_large\":{\"url\":\"\/wp-content\/uploads\/sites\/4\/2023\/01\/GutteVM7.2023-768x726.jpg\",\"width\":768,\"height\":768},\"large-thumb\":{\"url\":\"\/wp-content\/uploads\/sites\/4\/2023\/01\/GutteVM7.2023-600x600.jpg\",\"width\":600,\"height\":600}},\"image_meta\":{\"aperture\":\"0\",\"credit\":\"\",\"camera\":\"\",\"caption\":\"\",\"created_timestamp\":\"0\",\"copyright\":\"\",\"focal_length\":\"0\",\"iso\":\"0\",\"shutter_speed\":\"0\",\"title\":\"\",\"orientation\":\"0\",\"keywords\":[]},\"image_excerpt\":\"VM bandy gutter 17 Ruddalen, G\u00f8teborg. Foto: Bj\u00f8rnar Dynge.\",\"image_alt\":\"\",\"subdir\":\"2023\/01\"},\"blog\":{\"blog_name\":\"Bandy\",\"blog_path\":\"https:\/\/bandyforbundet.no\/bandy\",\"base_url\":\"\/bandy\",\"base_uploads_url\":\"\/wp-content\/uploads\/sites\/4\"},\"mediaCategory\":{\"term_id\":93,\"name\":\"Bandy\",\"slug\":\"bandy\",\"term_group\":0,\"term_taxonomy_id\":93,\"taxonomy\":\"msswb-media-categories\",\"description\":\"\",\"parent\":0,\"count\":535,\"filter\":\"raw\"},\"mediaCategories\":[{\"term_id\":93,\"name\":\"Bandy\",\"slug\":\"bandy\",\"term_group\":0,\"term_taxonomy_id\":93,\"taxonomy\":\"msswb-media-categories\",\"description\":\"\",\"parent\":0,\"count\":535,\"filter\":\"raw\"},{\"term_id\":94,\"name\":\"Bilder_til_artikkellister\",\"slug\":\"bilder_til_artikkellister\",\"term_group\":0,\"term_taxonomy_id\":94,\"taxonomy\":\"msswb-media-categories\",\"description\":\"\",\"parent\":93,\"count\":130,\"filter\":\"raw\"},{\"term_id\":129,\"name\":\"Landslag\",\"slug\":\"landslag\",\"term_group\":0,\"term_taxonomy_id\":129,\"taxonomy\":\"msswb-media-categories\",\"description\":\"\",\"parent\":93,\"count\":185,\"filter\":\"raw\"}]},\"show_image\":false}","footnotes":""},"categories":[2,4,30],"msswb-post-shared":[79,82],"class_list":["post-7332","msswb-post","type-msswb-post","status-publish","hentry","category-bandy","category-gutt","category-landslag","msswb-post-shared-artikler","msswb-post-shared-fra-bandy"],"_links":{"self":[{"href":"https:\/\/bandyforbundet.no\/bandy\/index.php?rest_route=\/wp\/v2\/msswb-post\/7332","targetHints":{"allow":["GET"]}}],"collection":[{"href":"https:\/\/bandyforbundet.no\/bandy\/index.php?rest_route=\/wp\/v2\/msswb-post"}],"about":[{"href":"https:\/\/bandyforbundet.no\/bandy\/index.php?rest_route=\/wp\/v2\/types\/msswb-post"}],"author":[{"embeddable":true,"href":"https:\/\/bandyforbundet.no\/bandy\/index.php?rest_route=\/wp\/v2\/users\/66"}],"version-history":[{"count":5,"href":"https:\/\/bandyforbundet.no\/bandy\/index.php?rest_route=\/wp\/v2\/msswb-post\/7332\/revisions"}],"predecessor-version":[{"id":7338,"href":"https:\/\/bandyforbundet.no\/bandy\/index.php?rest_route=\/wp\/v2\/msswb-post\/7332\/revisions\/7338"}],"wp:attachment":[{"href":"https:\/\/bandyforbundet.no\/bandy\/index.php?rest_route=%2Fwp%2Fv2%2Fmedia&parent=7332"}],"wp:term":[{"taxonomy":"category","embeddable":true,"href":"https:\/\/bandyforbundet.no\/bandy\/index.php?rest_route=%2Fwp%2Fv2%2Fcategories&post=7332"},{"taxonomy":"msswb-post-shared","embeddable":true,"href":"https:\/\/bandyforbundet.no\/bandy\/index.php?rest_route=%2Fwp%2Fv2%2Fmsswb-post-shared&post=7332"}],"curies":[{"name":"wp","href":"https:\/\/api.w.org\/{rel}","templated":true}]}}