{"id":7410,"date":"2025-07-03T08:07:07","date_gmt":"2025-07-03T08:07:07","guid":{"rendered":"https:\/\/bandyforbundet.no\/bandy\/?post_type=msswb-post&#038;p=7410"},"modified":"2025-07-03T08:11:20","modified_gmt":"2025-07-03T08:11:20","slug":"landslagsuttak-for-u19-gutter-5","status":"publish","type":"msswb-post","link":"https:\/\/bandyforbundet.no\/bandy\/?msswb-post=landslagsuttak-for-u19-gutter-5","title":{"rendered":"Landslagsuttak for U19 gutter"},"content":{"rendered":"\n<p>Norges Bandyforbund (NBF), ved Forbundskaptein Bj\u00f8rn Buskqvist, har tatt ut f\u00f8lgende spillere til f\u00f8rste samling for Norge U19 gutter landslaget for sesongen 2025\/26.<\/p>\n\n\n\n<div class=\"wp-block-msswb-panel msswb-panel-container\"><div class=\"mwwsb-panel-header\"><div class=\"mwwsb-panel-title\">Uttak<\/div><div class=\"mwwsb-panel-icon\"><span class=\"dashicon dashicons dashicons-arrow-down-alt2\"><\/span><\/div><\/div><div class=\"msswb-panel-content\">\n<figure class=\"wp-block-table\"><table><thead><tr><th>Navn<\/th><th>Klubb<\/th><\/tr><\/thead><tbody><tr><td>Olav Heyerdahl<\/td><td>Ullern<\/td><\/tr><tr><td>Michael Hansen<\/td><td>Edsbyn<\/td><\/tr><tr><td>Jesper Pettersson<\/td><td>Mj\u00f8ndalen<\/td><\/tr><tr><td>Christopher Flaatten<\/td><td>Stab\u00e6k<\/td><\/tr><tr><td>Fridtjof Edbo<\/td><td>Stab\u00e6k<\/td><\/tr><tr><td>Sebastian M\u00f8lsted<\/td><td>Villa Lidk\u00f6ping<\/td><\/tr><tr><td>Lars Josefsen<\/td><td>Ullern<\/td><\/tr><tr><td>Arne Nyg\u00e5rd Torvanger<\/td><td>Stab\u00e6k<\/td><\/tr><tr><td>Kristian Sandlie<\/td><td>Ready<\/td><\/tr><tr><td>Erling Haga Solem<\/td><td>Sandviken<\/td><\/tr><tr><td>William Treider<\/td><td>Stab\u00e6k<\/td><\/tr><tr><td>Sindre Johan Helgheim<\/td><td>Stab\u00e6k<\/td><\/tr><tr><td>Mikkel Bakkevig Aasbrenn<\/td><td>Ullern<\/td><\/tr><tr><td>Aksel Heier Arnesen<\/td><td>R\u00f8a<\/td><\/tr><tr><td>Max H\u00f8iby<\/td><td>Ullern<\/td><\/tr><tr><td>Tobias Martinsen<\/td><td>Konnerud<\/td><\/tr><tr><td>Storm Tamburplass<\/td><td>R\u00f8a<\/td><\/tr><tr><td>Adrian K. Aarevoll<\/td><td>IFK R\u00e4ttvik<\/td><\/tr><tr><td>Tias Gran Marsteen<\/td><td>Drammen<\/td><\/tr><tr><td>Ludvik Nilsen<\/td><td>Hauger BK<\/td><\/tr><tr><td>Fredrik Matheson<\/td><td>Stab\u00e6k<\/td><\/tr><tr><td>Sindre Hareide<\/td><td>Hauger BK<\/td><\/tr><tr><td>Erlend Willoch Haugen<\/td><td>R\u00f8a<\/td><\/tr><tr><td>Noah Slind Welin<\/td><td>Ullern<\/td><\/tr><tr><td>Hallvard Selmer<\/td><td>Stab\u00e6k<\/td><\/tr><tr><td>Christoffer \u00d8en-Nedberg<\/td><td>IFK V\u00e4nersborg<\/td><\/tr><tr><td>Leon Evju Hauger<\/td><td>Stab\u00e6k<\/td><\/tr><tr><td>Ludvig Schirmer<\/td><td>Stab\u00e6k<\/td><\/tr><tr><td>Lage Guton Klaastad<\/td><td>Stab\u00e6k<\/td><\/tr><tr><td>Johannes Telhaug Karlsson<\/td><td>Stab\u00e6k<\/td><\/tr><tr><td>Tellef Weisser<\/td><td>Stab\u00e6k<\/td><\/tr><tr><td>Kristian Asdal Furnes<\/td><td>Stab\u00e6k<\/td><\/tr><tr><td>Martin J\u00f8rgensen Tho<\/td><td>Stab\u00e6k<\/td><\/tr><tr><td>Magnus Engelstad<\/td><td>Stab\u00e6k<\/td><\/tr><tr><td>Martin Nurminen<\/td><td>IFK V\u00e4nersborg<\/td><\/tr><tr><td>Linus Fjeld<\/td><td>Sarpsborg<\/td><\/tr><tr><td>Jonas Siewers-Nilsen<\/td><td>Konnerud<\/td><\/tr><tr><td>Linus Tafjord<\/td><td>Mj\u00f8ndalen<\/td><\/tr><tr><td>Andreas Sterkeby<\/td><td>Edsbyn<\/td><\/tr><tr><td>Even Blom<\/td><td>Mj\u00f8ndalen<\/td><\/tr><\/tbody><\/table><\/figure>\n\n\n\n<p><em><strong>Merk<\/strong>! Forbundet forholder seg til den klubben spilleren sist st\u00e5r registrert i og endrer n\u00e5r overgang<br>er formelt godkjent.<\/em><\/p>\n<\/div><\/div>\n\n\n\n<div class=\"wp-block-msswb-panel msswb-panel-container\"><div class=\"mwwsb-panel-header\"><div class=\"mwwsb-panel-title\">Program<\/div><div class=\"mwwsb-panel-icon\"><span class=\"dashicon dashicons dashicons-arrow-down-alt2\"><\/span><\/div><\/div><div class=\"msswb-panel-content\">\n<p><strong>Samlingen finner sted s\u00f8ndag 18. august<\/strong><\/p>\n\n\n\n<p>Sted: Jar Ishall<br>Dato: S\u00f8ndag 17. August<br>Tid: 14.30-17.00, oppm\u00f8te i garderobe 13.45.<\/p>\n<\/div><\/div>\n\n\n\n<div class=\"wp-block-msswb-panel msswb-panel-container\"><div class=\"mwwsb-panel-header\"><div class=\"mwwsb-panel-title\">Ren ut\u00f8ver<\/div><div class=\"mwwsb-panel-icon\"><span class=\"dashicon dashicons dashicons-arrow-down-alt2\"><\/span><\/div><\/div><div class=\"msswb-panel-content\">\n<p>Alle spillere m\u00e5 ta &laquo;Ren Ut\u00f8ver&raquo;. Kurset tar maks. 30 minutter \u00e5 gjennomf\u00f8re. Kursdiplom skal fremvises p\u00e5 samling.<\/p>\n\n\n\n<p>Link til kurset: <a href=\"https:\/\/bandyforbundet.no\/forbundet\/?msswb-post=ny-ren-utover\">https:\/\/bandyforbundet.no\/forbundet\/?msswb-post=ny-ren-utover<\/a><\/p>\n<\/div><\/div>\n\n\n\n<p><strong><em>Norges Bandyforbund gratulerer alle spillerne med uttaket!  <\/em><\/strong><\/p>\n\n\n\n<p><strong>Landslagsledelsen<\/strong>:<\/p>\n\n\n\n<p><strong>Forbundskaptein <\/strong>&#8211; Bj\u00f8rn Buskqvist<br><strong>Assisterende trener<\/strong> &#8211; <strong> <\/strong>Even Holst Andreassen<br><strong>Materialforvalter<\/strong> &#8211; Yngve Mj\u00e5land <\/p>\n\n\n\n<p><a rel=\"noreferrer noopener\" href=\"https:\/\/www.facebook.com\/profile.php?id=100092315631933\" target=\"_blank\">Klikk her for \u00e5 f\u00f8lge oss p\u00e5 Facebook<\/a><\/p>\n\n\n\n<p><a rel=\"noreferrer noopener\" href=\"https:\/\/www.instagram.com\/nbf_bandy\/\" data-type=\"URL\" data-id=\"https:\/\/www.instagram.com\/nbf_bandy\/\" target=\"_blank\">Klikk her for \u00e5 f\u00f8lge oss p\u00e5 Instagram<\/a><\/p>\n","protected":false},"excerpt":{"rendered":"<p>Landslagsledelsen har tatt ut f\u00f8lgende spillere til landslagssamling den 17. august i Jar Isforum. <\/p>\n","protected":false},"author":66,"template":"","meta":{"article_featured_image":"{\"image_id\":4865,\"blog_id\":4,\"term_id\":93,\"selected_size\":\"full\",\"extendedData\":{\"selectedSize\":{\"url\":\"\/wp-content\/uploads\/sites\/4\/2023\/01\/JuniorVM1.2023.jpg\",\"width\":1873,\"height\":768,\"aspectRatio\":0.41},\"media\":{\"image_name\":\"JuniorVM1.2023\",\"image\":{\"ID\":4865,\"post_author\":\"46\",\"post_date\":\"2023-01-24 14:27:52\",\"post_date_gmt\":\"2023-01-24 14:27:52\",\"post_content\":\"\",\"post_title\":\"JuniorVM1.2023\",\"post_excerpt\":\"Fra VM U19 i Ruddalen bandyhall i G\u00f8teborg 20.-22. januar 2023. Foto: Bj\u00f8rnar Dynge.\",\"post_status\":\"inherit\",\"comment_status\":\"closed\",\"ping_status\":\"closed\",\"post_password\":\"\",\"post_name\":\"juniorvm1-2023\",\"to_ping\":\"\",\"pinged\":\"\",\"post_modified\":\"2023-01-24 14:28:53\",\"post_modified_gmt\":\"2023-01-24 14:28:53\",\"post_content_filtered\":\"\",\"post_parent\":0,\"guid\":\"https:\/\/bandyforbundet.no\/bandy\/wp-content\/uploads\/sites\/4\/2023\/01\/JuniorVM1.2023.jpg\",\"menu_order\":0,\"post_type\":\"attachment\",\"post_mime_type\":\"image\/jpeg\",\"comment_count\":\"0\",\"filter\":\"raw\"},\"image_sizes\":{\"full\":{\"url\":\"\/wp-content\/uploads\/sites\/4\/2023\/01\/JuniorVM1.2023.jpg\",\"width\":1873,\"height\":768,\"aspectRatio\":0.41},\"medium\":{\"url\":\"\/wp-content\/uploads\/sites\/4\/2023\/01\/JuniorVM1.2023-300x123.jpg\",\"width\":300,\"height\":300},\"large\":{\"url\":\"\/wp-content\/uploads\/sites\/4\/2023\/01\/JuniorVM1.2023-1024x420.jpg\",\"width\":1024,\"height\":1024},\"thumbnail\":{\"url\":\"\/wp-content\/uploads\/sites\/4\/2023\/01\/JuniorVM1.2023-150x150.jpg\",\"width\":150,\"height\":150},\"medium_large\":{\"url\":\"\/wp-content\/uploads\/sites\/4\/2023\/01\/JuniorVM1.2023-768x315.jpg\",\"width\":768,\"height\":768},\"1536x1536\":{\"url\":\"\/wp-content\/uploads\/sites\/4\/2023\/01\/JuniorVM1.2023-1536x630.jpg\",\"width\":1536,\"height\":1536},\"large-thumb\":{\"url\":\"\/wp-content\/uploads\/sites\/4\/2023\/01\/JuniorVM1.2023-600x600.jpg\",\"width\":600,\"height\":600},\"post-thumbnail\":{\"url\":\"\/wp-content\/uploads\/sites\/4\/2023\/01\/JuniorVM1.2023-1200x492.jpg\",\"width\":1200,\"height\":1200}},\"image_meta\":{\"aperture\":\"0\",\"credit\":\"\",\"camera\":\"\",\"caption\":\"\",\"created_timestamp\":\"0\",\"copyright\":\"\",\"focal_length\":\"0\",\"iso\":\"0\",\"shutter_speed\":\"0\",\"title\":\"\",\"orientation\":\"0\",\"keywords\":[]},\"image_excerpt\":\"Fra VM U19 i Ruddalen bandyhall i G\u00f8teborg 20.-22. januar 2023. Foto: Bj\u00f8rnar Dynge.\",\"image_alt\":\"\",\"subdir\":\"2023\/01\"},\"blog\":{\"blog_name\":\"Bandy\",\"blog_path\":\"https:\/\/bandyforbundet.no\/bandy\",\"base_url\":\"\/bandy\",\"base_uploads_url\":\"\/wp-content\/uploads\/sites\/4\"},\"mediaCategory\":{\"term_id\":93,\"name\":\"Bandy\",\"slug\":\"bandy\",\"term_group\":0,\"term_taxonomy_id\":93,\"taxonomy\":\"msswb-media-categories\",\"description\":\"\",\"parent\":0,\"count\":544,\"filter\":\"raw\"},\"mediaCategories\":[{\"term_id\":93,\"name\":\"Bandy\",\"slug\":\"bandy\",\"term_group\":0,\"term_taxonomy_id\":93,\"taxonomy\":\"msswb-media-categories\",\"description\":\"\",\"parent\":0,\"count\":544,\"filter\":\"raw\"},{\"term_id\":94,\"name\":\"Bilder_til_artikkellister\",\"slug\":\"bilder_til_artikkellister\",\"term_group\":0,\"term_taxonomy_id\":94,\"taxonomy\":\"msswb-media-categories\",\"description\":\"\",\"parent\":93,\"count\":130,\"filter\":\"raw\"},{\"term_id\":129,\"name\":\"Landslag\",\"slug\":\"landslag\",\"term_group\":0,\"term_taxonomy_id\":129,\"taxonomy\":\"msswb-media-categories\",\"description\":\"\",\"parent\":93,\"count\":188,\"filter\":\"raw\"}]},\"show_image\":false}","footnotes":""},"categories":[2,7,30],"msswb-post-shared":[79,82],"class_list":["post-7410","msswb-post","type-msswb-post","status-publish","hentry","category-bandy","category-junior","category-landslag","msswb-post-shared-artikler","msswb-post-shared-fra-bandy"],"_links":{"self":[{"href":"https:\/\/bandyforbundet.no\/bandy\/index.php?rest_route=\/wp\/v2\/msswb-post\/7410","targetHints":{"allow":["GET"]}}],"collection":[{"href":"https:\/\/bandyforbundet.no\/bandy\/index.php?rest_route=\/wp\/v2\/msswb-post"}],"about":[{"href":"https:\/\/bandyforbundet.no\/bandy\/index.php?rest_route=\/wp\/v2\/types\/msswb-post"}],"author":[{"embeddable":true,"href":"https:\/\/bandyforbundet.no\/bandy\/index.php?rest_route=\/wp\/v2\/users\/66"}],"version-history":[{"count":4,"href":"https:\/\/bandyforbundet.no\/bandy\/index.php?rest_route=\/wp\/v2\/msswb-post\/7410\/revisions"}],"predecessor-version":[{"id":7420,"href":"https:\/\/bandyforbundet.no\/bandy\/index.php?rest_route=\/wp\/v2\/msswb-post\/7410\/revisions\/7420"}],"wp:attachment":[{"href":"https:\/\/bandyforbundet.no\/bandy\/index.php?rest_route=%2Fwp%2Fv2%2Fmedia&parent=7410"}],"wp:term":[{"taxonomy":"category","embeddable":true,"href":"https:\/\/bandyforbundet.no\/bandy\/index.php?rest_route=%2Fwp%2Fv2%2Fcategories&post=7410"},{"taxonomy":"msswb-post-shared","embeddable":true,"href":"https:\/\/bandyforbundet.no\/bandy\/index.php?rest_route=%2Fwp%2Fv2%2Fmsswb-post-shared&post=7410"}],"curies":[{"name":"wp","href":"https:\/\/api.w.org\/{rel}","templated":true}]}}