{"id":4119,"date":"2024-02-26T13:42:25","date_gmt":"2024-02-26T13:42:25","guid":{"rendered":"https:\/\/bandyforbundet.no\/forbundet\/?post_type=msswb-post&#038;p=4119"},"modified":"2024-03-13T13:23:07","modified_gmt":"2024-03-13T13:23:07","slug":"kim-alexander-jorstad-blir-ny-generalsekretaer-i-norges-bandyforbund","status":"publish","type":"msswb-post","link":"https:\/\/bandyforbundet.no\/forbundet\/?msswb-post=kim-alexander-jorstad-blir-ny-generalsekretaer-i-norges-bandyforbund","title":{"rendered":"Kim-Alexander J\u00f8rstad blir ny generalsekret\u00e6r i Norges Bandyforbund"},"content":{"rendered":"\n<p>President Jon Erik Eriksen presenterte mandag 26. februar den nye generalsekret\u00e6ren i Norges Bandyforbund. Et enstemmig forbundsstyre har vedtatt at Kim-Alexander Hofgaard J\u00f8rstad er NBFs nye generalsekret\u00e6r. J\u00f8rstad tilrer stillingen den 1. juni 2024.<\/p>\n\n\n\n<p><strong>En sterk kandidat tar over!<\/strong><\/p>\n\n\n\n<p>Det er med stor glede at forbundsstyret har ansatt Kim-Alexander Hofgaard J\u00f8rstad som ny generalsekret\u00e6r. Kandidatene til stillingen var sterke, men J\u00f8rstad trakk det lengste str\u00e5et og overbeviste i intervjuene at han var den rette kandidaten.<\/p>\n\n\n\n<p>Samtidig er det med tungt hjerte at en bauta i Bandyforbundet snart skal inntre i pensjonistenes rekker, men det gjenst\u00e5r \u00e5 avtale n\u00e5r skiftet skal skje.<\/p>\n\n\n\n<p>Vi gratulerer Kim med stillingen og en stort takk til Tomas for tiden han har lagt ned p\u00e5 \u00e5 bygge forbundet fra 3 til over 40 ansatte. Det blir store sko som Kim skal fylle, men det er jeg overbevist om at han vil klare, sier President Jon Erik Eriksen.<\/p>\n\n\n\n<p><strong>Gleder seg til \u00e5 sette i gang!<\/strong><\/p>\n\n\n\n<p><strong>&#8211; &nbsp;<\/strong>Jeg gleder meg veldig til \u00e5 overta stafettpinnen, men det blir ikke lett. Det er store sko \u00e5 fylle n\u00e5r Tomas har hatt ansvaret i Bandyforbundet i 34 \u00e5r og bygget opp en s\u00e5 solid organisasjon. Jeg vil s\u00e6rlig takke for st\u00f8tten jeg har f\u00e5tt i denne ansettelsesprosessen, b\u00e5de fra ansatte, klubber og tillitsvalgte. Selv om jeg n\u00e5 g\u00e5r over i en ny rolle, skal jeg fortsatt v\u00e6re meg selv. Det var sikkert en del av grunnen til at jeg ble valgt som ny generalsekret\u00e6r, forteller den p\u00e5troppende generalsekret\u00e6ren Kim J\u00f8rstad.<\/p>\n\n\n\n<p><strong>Hvem er Kim-Alexander Hofgaard J\u00f8rstad?<\/strong><\/p>\n\n\n\n<p>J\u00f8rstad er utdannet jurist ved Det juridiske fakultet ved Universitetet i Oslo (UiO) og fullf\u00f8rte studiene sine i 2002. For tiden arbeider han som juridisk r\u00e5dgiver og utvikling av innebandydommere i Norges Bandyforbund.<\/p>\n\n\n\n<p>I tillegg til sin n\u00e5v\u00e6rende rolle, har J\u00f8rstad erfaring som tidligere innebandydommer og -spiller p\u00e5 h\u00f8yt niv\u00e5. Han har d\u00f8mt b\u00e5de nasjonale og internasjonale kamper, inkludert VM-finalen for herrer mellom Sverige og Finland i 2008. Sammen med Rune Ali Zouhar har han blitt k\u00e5ret til \u00c5rets dommerpar hele syv ganger.<\/p>\n\n\n\n<p>I 1990 var J\u00f8rstad med p\u00e5 \u00e5 stifte R\u00f8a innebandyklubb, hvor han innledet sin innebandykarriere. I 1995 meldte han overgang til OSI, der han spilte i eliteserien i sesongene 95\/96, 96\/97 og 99\/00. Han avsluttet senere sin spillerkarriere p\u00e5 veteranlaget til Sagene IF.<\/p>\n\n\n\n<p><strong>Generalsekret\u00e6rens rolle<\/strong><\/p>\n\n\n\n<p>Generalsekret\u00e6ren har det overordnede ansvaret for forbundets daglige drift og administrasjon; dette inneb\u00e6rer organisasjonsutvikling, \u00f8konomi og regnskap, personalledelse og saksforberedelse for styrem\u00f8ter.<\/p>\n\n\n\n<p>GS har ogs\u00e5 ansvaret for oppf\u00f8lging og r\u00e5dgivning ved styrets idrettspolitiske arbeid som representasjon, p\u00e5virkningsarbeid, strategiutvikling og kontakt med politikere, eksterne beslutningstakere og byr\u00e5krater. Dette arbeidet vil foreg\u00e5 i samarbeid med styret og de ansatte.<\/p>\n\n\n\n<p>Norges Bandyforbund (NBF) har i overkant av 27&nbsp;500 aktive medlemmer som fordeler seg p\u00e5 300 klubber over hele landet.<\/p>\n\n\n\n<p>NBF har 47 ansatte fordelt p\u00e5 sentraladministrasjon, region-\/kretsadministrasjon og utviklingsadministrasjon.<\/p>\n","protected":false},"excerpt":{"rendered":"<p>Kim-Alexander Hofgaard J\u00f8rstad (50) er ansatt som ny generalsekret\u00e6r i Norges Bandyforbund.<\/p>\n","protected":false},"author":66,"template":"","meta":{"article_featured_image":"{\"image_id\":4124,\"blog_id\":2,\"term_id\":-1,\"selected_size\":\"full\",\"extendedData\":{\"selectedSize\":{\"url\":\"\/wp-content\/uploads\/sites\/2\/2024\/02\/E7CAE20E-8868-4FDF-84E4-C60494B90B8E-scaled.jpeg\",\"width\":2560,\"height\":1920,\"aspectRatio\":0.75},\"media\":{\"image_name\":\"E7CAE20E-8868-4FDF-84E4-C60494B90B8E\",\"image\":{\"ID\":4124,\"post_author\":\"66\",\"post_date\":\"2024-02-26 13:28:34\",\"post_date_gmt\":\"2024-02-26 13:28:34\",\"post_content\":\"\",\"post_title\":\"E7CAE20E-8868-4FDF-84E4-C60494B90B8E\",\"post_excerpt\":\"\",\"post_status\":\"inherit\",\"comment_status\":\"closed\",\"ping_status\":\"closed\",\"post_password\":\"\",\"post_name\":\"e7cae20e-8868-4fdf-84e4-c60494b90b8e\",\"to_ping\":\"\",\"pinged\":\"\",\"post_modified\":\"2024-02-26 13:28:34\",\"post_modified_gmt\":\"2024-02-26 13:28:34\",\"post_content_filtered\":\"\",\"post_parent\":0,\"guid\":\"https:\/\/bandyforbundet.no\/forbundet\/wp-content\/uploads\/sites\/2\/2024\/02\/E7CAE20E-8868-4FDF-84E4-C60494B90B8E.jpeg\",\"menu_order\":0,\"post_type\":\"attachment\",\"post_mime_type\":\"image\/jpeg\",\"comment_count\":\"0\",\"filter\":\"raw\"},\"image_sizes\":{\"full\":{\"url\":\"\/wp-content\/uploads\/sites\/2\/2024\/02\/E7CAE20E-8868-4FDF-84E4-C60494B90B8E-scaled.jpeg\",\"width\":2560,\"height\":1920,\"aspectRatio\":0.75},\"medium\":{\"url\":\"\/wp-content\/uploads\/sites\/2\/2024\/02\/E7CAE20E-8868-4FDF-84E4-C60494B90B8E-300x225.jpeg\",\"width\":300,\"height\":300},\"large\":{\"url\":\"\/wp-content\/uploads\/sites\/2\/2024\/02\/E7CAE20E-8868-4FDF-84E4-C60494B90B8E-1024x768.jpeg\",\"width\":1024,\"height\":1024},\"thumbnail\":{\"url\":\"\/wp-content\/uploads\/sites\/2\/2024\/02\/E7CAE20E-8868-4FDF-84E4-C60494B90B8E-150x150.jpeg\",\"width\":150,\"height\":150},\"medium_large\":{\"url\":\"\/wp-content\/uploads\/sites\/2\/2024\/02\/E7CAE20E-8868-4FDF-84E4-C60494B90B8E-768x576.jpeg\",\"width\":768,\"height\":768},\"1536x1536\":{\"url\":\"\/wp-content\/uploads\/sites\/2\/2024\/02\/E7CAE20E-8868-4FDF-84E4-C60494B90B8E-1536x1152.jpeg\",\"width\":1536,\"height\":1536},\"2048x2048\":{\"url\":\"\/wp-content\/uploads\/sites\/2\/2024\/02\/E7CAE20E-8868-4FDF-84E4-C60494B90B8E-2048x1536.jpeg\",\"width\":2048,\"height\":2048},\"large-thumb\":{\"url\":\"\/wp-content\/uploads\/sites\/2\/2024\/02\/E7CAE20E-8868-4FDF-84E4-C60494B90B8E-600x600.jpeg\",\"width\":600,\"height\":600},\"post-thumbnail\":{\"url\":\"\/wp-content\/uploads\/sites\/2\/2024\/02\/E7CAE20E-8868-4FDF-84E4-C60494B90B8E-1200x900.jpeg\",\"width\":1200,\"height\":1200},\"twentytwenty-fullscreen\":{\"url\":\"\/wp-content\/uploads\/sites\/2\/2024\/02\/E7CAE20E-8868-4FDF-84E4-C60494B90B8E-1980x1485.jpeg\",\"width\":1980,\"height\":1980}},\"image_meta\":{\"aperture\":\"0\",\"credit\":\"\",\"camera\":\"\",\"caption\":\"\",\"created_timestamp\":\"0\",\"copyright\":\"\",\"focal_length\":\"0\",\"iso\":\"0\",\"shutter_speed\":\"0\",\"title\":\"\",\"orientation\":\"1\",\"keywords\":[]},\"image_excerpt\":\"\",\"image_alt\":\"\",\"subdir\":\"2024\/02\"},\"blog\":{\"blog_name\":\"Forbundet\",\"blog_path\":\"https:\/\/bandyforbundet.no\/forbundet\",\"base_url\":\"\/forbundet\",\"base_uploads_url\":\"\/wp-content\/uploads\/sites\/2\"},\"mediaCategory\":{\"term_id\":-1,\"name\":\"Ukategorisert\"},\"mediaCategories\":false},\"show_image\":false}","footnotes":""},"categories":[2,17,5,24],"msswb-post-shared":[94,95,138,96,97,98,99],"class_list":["post-4119","msswb-post","type-msswb-post","status-publish","hentry","category-forbundet","category-kontakt-oss","category-om-forbundet","category-organisasjon","msswb-post-shared-artikler","msswb-post-shared-forbundet-til-bandy","msswb-post-shared-forbundet-til-idrett-for-alle","msswb-post-shared-forbundet-til-innebandy","msswb-post-shared-forbundet-til-landhockey","msswb-post-shared-forbundet-til-regioner","msswb-post-shared-fra-forbundet"],"_links":{"self":[{"href":"https:\/\/bandyforbundet.no\/forbundet\/index.php?rest_route=\/wp\/v2\/msswb-post\/4119","targetHints":{"allow":["GET"]}}],"collection":[{"href":"https:\/\/bandyforbundet.no\/forbundet\/index.php?rest_route=\/wp\/v2\/msswb-post"}],"about":[{"href":"https:\/\/bandyforbundet.no\/forbundet\/index.php?rest_route=\/wp\/v2\/types\/msswb-post"}],"author":[{"embeddable":true,"href":"https:\/\/bandyforbundet.no\/forbundet\/index.php?rest_route=\/wp\/v2\/users\/66"}],"version-history":[{"count":11,"href":"https:\/\/bandyforbundet.no\/forbundet\/index.php?rest_route=\/wp\/v2\/msswb-post\/4119\/revisions"}],"predecessor-version":[{"id":4236,"href":"https:\/\/bandyforbundet.no\/forbundet\/index.php?rest_route=\/wp\/v2\/msswb-post\/4119\/revisions\/4236"}],"wp:attachment":[{"href":"https:\/\/bandyforbundet.no\/forbundet\/index.php?rest_route=%2Fwp%2Fv2%2Fmedia&parent=4119"}],"wp:term":[{"taxonomy":"category","embeddable":true,"href":"https:\/\/bandyforbundet.no\/forbundet\/index.php?rest_route=%2Fwp%2Fv2%2Fcategories&post=4119"},{"taxonomy":"msswb-post-shared","embeddable":true,"href":"https:\/\/bandyforbundet.no\/forbundet\/index.php?rest_route=%2Fwp%2Fv2%2Fmsswb-post-shared&post=4119"}],"curies":[{"name":"wp","href":"https:\/\/api.w.org\/{rel}","templated":true}]}}