{"id":2852,"date":"2025-03-03T13:10:06","date_gmt":"2025-03-03T13:10:06","guid":{"rendered":"https:\/\/bandyforbundet.no\/idrett-for-alle\/?post_type=msswb-post&#038;p=2852"},"modified":"2025-03-04T11:31:13","modified_gmt":"2025-03-04T11:31:13","slug":"bli-med-pa-en-inspirasjons-og-rekrutteringskveld-i-el-innebandy","status":"publish","type":"msswb-post","link":"https:\/\/bandyforbundet.no\/idrett-for-alle\/?msswb-post=bli-med-pa-en-inspirasjons-og-rekrutteringskveld-i-el-innebandy","title":{"rendered":"Bli med p\u00e5 en inspirasjons- og rekrutteringskveld i EL-innebandy p\u00e5 Sunnm\u00f8re!"},"content":{"rendered":"\n<p>Er du nysgjerrig p\u00e5 EL-innebandy, og aldri har pr\u00f8vd det f\u00f8r? Kom og test en kjelke, kjenn p\u00e5 farten og opplev spillegleden! Du trenger ingen forkunnskaper \u2013 alle er velkomne, og vi \u00f8nsker nye spillere til lagene.<\/p>\n\n\n\n<p>El-innebandy er tilrettelagt for personer med funksjonsnedsettelser.<\/p>\n\n\n\n<p>Vi lover en kveld full av mestring og moro.<\/p>\n\n\n\n<p>Kvelden avsluttes med pizza, s\u00e5 middagen kan du trygt droppe denne kvelden!<\/p>\n\n\n\n<p><strong>Sted: Ulsteinhallen<br>N\u00e5r: Onsdag 19 mars kl. 17.30 \u2013 20.00 (Pizza fra kl. 20)<\/strong><\/p>\n\n\n<div class=\"msswb-gallery-frontend-app-v2 \" data-url-encoded-attrs=\"%7B%22images%22%3A%5B%7B%22image_id%22%3A2862%2C%22blog_id%22%3A6%2C%22selected_size%22%3A%22full%22%7D%2C%7B%22image_id%22%3A2861%2C%22blog_id%22%3A6%2C%22selected_size%22%3A%22full%22%7D%2C%7B%22image_id%22%3A2860%2C%22blog_id%22%3A6%2C%22selected_size%22%3A%22full%22%7D%2C%7B%22image_id%22%3A2859%2C%22blog_id%22%3A6%2C%22selected_size%22%3A%22full%22%7D%2C%7B%22image_id%22%3A2858%2C%22blog_id%22%3A6%2C%22selected_size%22%3A%22full%22%7D%5D%2C%22maxCols%22%3A3%2C%22displayMode%22%3A%22grid%22%2C%22carouselHeight%22%3A400%2C%22maxCarouselCols%22%3A1%2C%22startAnimation%22%3A%22start%22%2C%22carouselBgSize%22%3A%22cover%22%2C%22sortBy%22%3A%22image-time%22%2C%22sortDirection%22%3A%22asc%22%7D\" ><\/div>\n\n\n<div class=\"wp-block-msswb-spacer msswb-spacer-container show-line\" style=\"height:51px\"><div class=\"line\" style=\"height:25px\"><\/div><div class=\"line-center-divider\"><\/div><\/div>\n\n\n\n<p><strong>EL-innebandy p\u00e5 Sunnm\u00f8re<\/strong><\/p>\n\n\n\n<p>P\u00e5 Sunnm\u00f8re har vi to el-innebandyklubber som tilbyr ukentlige treninger. Ta kontakt med klubben nedenfor:<\/p>\n\n\n\n<p><strong>IL<\/strong> <strong>H\u00f8dd<\/strong><br>Ulsteinhallen<br>Onsdager kl. 17.30 \u2013 18.45<br>Kontakt: Liv Elise Fugelsnes \/ <a href=\"mailto:leiar.hoddinnebandy@gmail.com\">livelise94@hotmail.com<\/a> \/995 33 312<\/p>\n\n\n\n<p><strong>\u00c5lesund Hurricane<br><\/strong>Ellings\u00f8yhallen<br>Onsdager kl. 18.00 \u2013 19.30<br>Kontaktinfo: Ami Teunissen \/ <a href=\"mailto:ami.teunissen@gmail.com\">ami.teunissen@gmail.com<\/a><\/p>\n\n\n\n<div class=\"wp-block-msswb-spacer msswb-spacer-container show-line\" style=\"height:51px\"><div class=\"line\" style=\"height:25px\"><\/div><div class=\"line-center-divider\"><\/div><\/div>\n\n\n\n<div class=\"msswb-file\"><a href=\"https:\/\/bandyforbundet.no\/idrett-for-alle\/wp-content\/uploads\/sites\/6\/2025\/03\/EL-innebandy-pa-Sunnmore.pdf\" class=\"file-button\" download><span class=\"dashicon dashicons dashicons-download\"><\/span><\/a><a class=\"file-link\" href=\"https:\/\/bandyforbundet.no\/idrett-for-alle\/wp-content\/uploads\/sites\/6\/2025\/03\/EL-innebandy-pa-Sunnmore.pdf\">Invitasjon &#8211;  inspirasjon- og rekrutteringskveld<\/a><\/div>\n","protected":false},"excerpt":{"rendered":"<p>Vi inviterer til en energifylt inspirasjons- og rekrutteringskveld hvor en gjestetrener fra Norges Bandyforbund deler sine beste tips og \u00f8velser \u2013 uansett niv\u00e5. <\/p>\n","protected":false},"author":9,"template":"","meta":{"article_featured_image":"{\"image_id\":2857,\"blog_id\":6,\"term_id\":-1}","footnotes":""},"categories":[3,2],"msswb-post-shared":[23,28,34,26,30,29],"class_list":["post-2852","msswb-post","type-msswb-post","status-publish","hentry","category-el-innebandy","category-idrett-for-alle","msswb-post-shared-innebandy","msswb-post-shared-innlandet","msswb-post-shared-midt","msswb-post-shared-oabr","msswb-post-shared-sorost","msswb-post-shared-sorvest"],"_links":{"self":[{"href":"https:\/\/bandyforbundet.no\/idrett-for-alle\/index.php?rest_route=\/wp\/v2\/msswb-post\/2852","targetHints":{"allow":["GET"]}}],"collection":[{"href":"https:\/\/bandyforbundet.no\/idrett-for-alle\/index.php?rest_route=\/wp\/v2\/msswb-post"}],"about":[{"href":"https:\/\/bandyforbundet.no\/idrett-for-alle\/index.php?rest_route=\/wp\/v2\/types\/msswb-post"}],"author":[{"embeddable":true,"href":"https:\/\/bandyforbundet.no\/idrett-for-alle\/index.php?rest_route=\/wp\/v2\/users\/9"}],"version-history":[{"count":14,"href":"https:\/\/bandyforbundet.no\/idrett-for-alle\/index.php?rest_route=\/wp\/v2\/msswb-post\/2852\/revisions"}],"predecessor-version":[{"id":2882,"href":"https:\/\/bandyforbundet.no\/idrett-for-alle\/index.php?rest_route=\/wp\/v2\/msswb-post\/2852\/revisions\/2882"}],"wp:attachment":[{"href":"https:\/\/bandyforbundet.no\/idrett-for-alle\/index.php?rest_route=%2Fwp%2Fv2%2Fmedia&parent=2852"}],"wp:term":[{"taxonomy":"category","embeddable":true,"href":"https:\/\/bandyforbundet.no\/idrett-for-alle\/index.php?rest_route=%2Fwp%2Fv2%2Fcategories&post=2852"},{"taxonomy":"msswb-post-shared","embeddable":true,"href":"https:\/\/bandyforbundet.no\/idrett-for-alle\/index.php?rest_route=%2Fwp%2Fv2%2Fmsswb-post-shared&post=2852"}],"curies":[{"name":"wp","href":"https:\/\/api.w.org\/{rel}","templated":true}]}}