{"id":3126,"date":"2025-11-07T09:06:43","date_gmt":"2025-11-07T09:06:43","guid":{"rendered":"https:\/\/bandyforbundet.no\/idrett-for-alle\/?post_type=msswb-post&#038;p=3126"},"modified":"2025-12-01T10:05:18","modified_gmt":"2025-12-01T10:05:18","slug":"super-innebandyturnering-i-fredrikstad-sondag-7-desember","status":"publish","type":"msswb-post","link":"https:\/\/bandyforbundet.no\/idrett-for-alle\/?msswb-post=super-innebandyturnering-i-fredrikstad-sondag-7-desember","title":{"rendered":"Super-innebandyturnering i Fredrikstad, s\u00f8ndag 7. desember."},"content":{"rendered":"\n<div class=\"wp-block-msswb-panel msswb-panel-container\"><div class=\"mwwsb-panel-header\"><div class=\"mwwsb-panel-title\">KAMPOPPSETT<\/div><div class=\"mwwsb-panel-icon\"><span class=\"dashicon dashicons dashicons-arrow-down-alt2\"><\/span><\/div><\/div><div class=\"msswb-panel-content\">\n<p><a href=\"https:\/\/www.tournify.uk\/live\/fredrikstad\">KAMPOPPSETT<\/a><\/p>\n<\/div><\/div>\n\n\n\n<div class=\"wp-block-msswb-panel msswb-panel-container\"><div class=\"mwwsb-panel-header\"><div class=\"mwwsb-panel-title\">SAMTYKKESKJEMA<\/div><div class=\"mwwsb-panel-icon\"><span class=\"dashicon dashicons dashicons-arrow-down-alt2\"><\/span><\/div><\/div><div class=\"msswb-panel-content\">\n<p>Vi f\u00e5r bes\u00f8k av Stitelsen VI, sponsor og samarbeidspartner til Norges Bandyforbund og parainnebandy. De \u00f8nsker \u00e5 ta bilder og film til matereill som kan promotere super-innebandy. Alle spillere m\u00e5 fylle ut samtykkeskjema og levere dette i hallen. Trenere leverer skjemaene samlet for sin klubb. Gi beskjed dersom en spiller ikke gir samtykke, slik at vi har full oversikt over hvem som ikke skal v\u00e6re med p\u00e5 bilder eller film.<\/p>\n\n\n\n<div class=\"msswb-file\"><a href=\"https:\/\/bandyforbundet.no\/idrett-for-alle\/wp-content\/uploads\/sites\/6\/2025\/12\/Samtykke-Installatoren-Arena-071226.docx\" class=\"file-button\" download><span class=\"dashicon dashicons dashicons-download\"><\/span><\/a><a class=\"file-link\" href=\"https:\/\/bandyforbundet.no\/idrett-for-alle\/wp-content\/uploads\/sites\/6\/2025\/12\/Samtykke-Installatoren-Arena-071226.docx\">Samtykke Installat\u00f8ren Arena, 071226<\/a><\/div>\n<\/div><\/div>\n\n\n\n<div class=\"wp-block-msswb-panel msswb-panel-container\"><div class=\"mwwsb-panel-header\"><div class=\"mwwsb-panel-title\">INVITAJSON<\/div><div class=\"mwwsb-panel-icon\"><span class=\"dashicon dashicons dashicons-arrow-down-alt2\"><\/span><\/div><\/div><div class=\"msswb-panel-content\">\n<p>Vi trenger&nbsp;<strong>p\u00e5melding innen 24. november<\/strong>, b\u00e5de fra lag og fra eventuelle enkeltspillere som \u00f8nsker \u00e5 delta p\u00e5 mikslag.<\/p>\n\n\n\n<p>P\u00e5melding sendes til annkatrin.eriksson@bandyforbundet.no<\/p>\n\n\n\n<p>Vi planlegger kampstart kl. 11.00 og avslutning rundt kl. 17.00. <\/p>\n\n\n\n<p>Vi spiller med 3 utespillere og sm\u00e5 m\u00e5l, uten m\u00e5lvakt. Kampene gjennomf\u00f8res enten som 2 x 10 minutter eller 1 x 15 minutter. Dette avklarer vi n\u00e5r alle har bekreftet p\u00e5melding. Da vet vi hvor mange lag vi blir totalt, og om vi deler inn i en eller to grupper. Vi har kapasitet til \u00e5 spille p\u00e5 to baner samtidig.  <\/p>\n\n\n\n<p>Denne gangen er det gratis \u00e5 delta. Fredrikstad IBK tar inngangspenger (50 kr) fra publikum og andre, men ut\u00f8vere og trenere kan frivillig donere et bel\u00f8p til klubben.<\/p>\n\n\n\n<p>Det vil v\u00e6re mulig \u00e5 kj\u00f8pe mat og drikke i cafeen.<\/p>\n\n\n\n<p>Velkomne til Fredrikstad<\/p>\n<\/div><\/div>\n\n\n\n<p><\/p>\n","protected":false},"excerpt":{"rendered":"<p>Fredrikstad IBK, S\u00f8r\u00f8st Bandyregion og Norges Bandyforbund inviterer til f\u00f8rjulsturnering i Installat\u00f8ren Arena (Kongstenhallen).<\/p>\n","protected":false},"author":9,"template":"","meta":{"article_featured_image":"{\"image_id\":3136,\"blog_id\":6,\"term_id\":10,\"selected_size\":\"full\",\"extendedData\":{\"selectedSize\":{\"url\":\"\/wp-content\/uploads\/sites\/6\/2025\/11\/Elverum-Open-pa-Hamar-2-1-scaled.png\",\"width\":2560,\"height\":1664,\"aspectRatio\":0.65},\"media\":{\"image_name\":\"Elverum Open p\u00e5 Hamar-2\",\"image\":{\"ID\":3136,\"post_author\":\"66\",\"post_date\":\"2025-11-11 20:43:50\",\"post_date_gmt\":\"2025-11-11 20:43:50\",\"post_content\":\"\",\"post_title\":\"Elverum Open p\u00e5 Hamar-2\",\"post_excerpt\":\"Foto Norges idrettsforbund Jamil Dost\",\"post_status\":\"inherit\",\"comment_status\":\"closed\",\"ping_status\":\"closed\",\"post_password\":\"\",\"post_name\":\"elverum-open-pa-hamar-2-3\",\"to_ping\":\"\",\"pinged\":\"\",\"post_modified\":\"2025-11-11 20:44:10\",\"post_modified_gmt\":\"2025-11-11 20:44:10\",\"post_content_filtered\":\"\",\"post_parent\":0,\"guid\":\"https:\/\/bandyforbundet.no\/idrett-for-alle\/wp-content\/uploads\/sites\/6\/2025\/11\/Elverum-Open-pa-Hamar-2-1.png\",\"menu_order\":0,\"post_type\":\"attachment\",\"post_mime_type\":\"image\/png\",\"comment_count\":\"0\",\"filter\":\"raw\"},\"image_sizes\":{\"full\":{\"url\":\"\/wp-content\/uploads\/sites\/6\/2025\/11\/Elverum-Open-pa-Hamar-2-1-scaled.png\",\"width\":2560,\"height\":1664,\"aspectRatio\":0.65},\"medium\":{\"url\":\"\/wp-content\/uploads\/sites\/6\/2025\/11\/Elverum-Open-pa-Hamar-2-1-300x195.png\",\"width\":300,\"height\":300},\"large\":{\"url\":\"\/wp-content\/uploads\/sites\/6\/2025\/11\/Elverum-Open-pa-Hamar-2-1-1024x666.png\",\"width\":1024,\"height\":1024},\"thumbnail\":{\"url\":\"\/wp-content\/uploads\/sites\/6\/2025\/11\/Elverum-Open-pa-Hamar-2-1-150x150.png\",\"width\":150,\"height\":150},\"medium_large\":{\"url\":\"\/wp-content\/uploads\/sites\/6\/2025\/11\/Elverum-Open-pa-Hamar-2-1-768x499.png\",\"width\":768,\"height\":768},\"1536x1536\":{\"url\":\"\/wp-content\/uploads\/sites\/6\/2025\/11\/Elverum-Open-pa-Hamar-2-1-1536x998.png\",\"width\":1536,\"height\":1536},\"2048x2048\":{\"url\":\"\/wp-content\/uploads\/sites\/6\/2025\/11\/Elverum-Open-pa-Hamar-2-1-2048x1331.png\",\"width\":2048,\"height\":2048},\"large-thumb\":{\"url\":\"\/wp-content\/uploads\/sites\/6\/2025\/11\/Elverum-Open-pa-Hamar-2-1-600x600.png\",\"width\":600,\"height\":600},\"post-thumbnail\":{\"url\":\"\/wp-content\/uploads\/sites\/6\/2025\/11\/Elverum-Open-pa-Hamar-2-1-1200x780.png\",\"width\":1200,\"height\":1200},\"twentytwenty-fullscreen\":{\"url\":\"\/wp-content\/uploads\/sites\/6\/2025\/11\/Elverum-Open-pa-Hamar-2-1-1980x1287.png\",\"width\":1980,\"height\":1980}},\"image_meta\":{\"aperture\":\"0\",\"credit\":\"\",\"camera\":\"\",\"caption\":\"\",\"created_timestamp\":\"0\",\"copyright\":\"\",\"focal_length\":\"0\",\"iso\":\"0\",\"shutter_speed\":\"0\",\"title\":\"\",\"orientation\":\"0\",\"keywords\":[]},\"image_excerpt\":\"Foto Norges idrettsforbund Jamil Dost\",\"image_alt\":\"\",\"subdir\":\"2025\/11\"},\"blog\":{\"blog_name\":\"Idrett for alle\",\"blog_path\":\"https:\/\/bandyforbundet.no\/idrett-for-alle\",\"base_url\":\"\/idrett-for-alle\",\"base_uploads_url\":\"\/wp-content\/uploads\/sites\/6\"},\"mediaCategory\":{\"term_id\":10,\"name\":\"Idrett for alle\",\"slug\":\"idrett-for-alle\",\"term_group\":0,\"term_taxonomy_id\":10,\"taxonomy\":\"msswb-media-categories\",\"description\":\"\",\"parent\":0,\"count\":355,\"filter\":\"raw\"},\"mediaCategories\":[{\"term_id\":10,\"name\":\"Idrett for alle\",\"slug\":\"idrett-for-alle\",\"term_group\":0,\"term_taxonomy_id\":10,\"taxonomy\":\"msswb-media-categories\",\"description\":\"\",\"parent\":0,\"count\":355,\"filter\":\"raw\"},{\"term_id\":14,\"name\":\"Superinnebandy\",\"slug\":\"superinnebandy\",\"term_group\":0,\"term_taxonomy_id\":14,\"taxonomy\":\"msswb-media-categories\",\"description\":\"\",\"parent\":10,\"count\":203,\"filter\":\"raw\"}]},\"show_desc\":true,\"image_desc\":\"Foto Norges idrettsforbund Jamil Dost\"}","footnotes":""},"categories":[2,6],"msswb-post-shared":[31,28,26,30],"class_list":["post-3126","msswb-post","type-msswb-post","status-publish","hentry","category-idrett-for-alle","category-super-innebandy","msswb-post-shared-buskerud","msswb-post-shared-innlandet","msswb-post-shared-oabr","msswb-post-shared-sorost"],"_links":{"self":[{"href":"https:\/\/bandyforbundet.no\/idrett-for-alle\/index.php?rest_route=\/wp\/v2\/msswb-post\/3126","targetHints":{"allow":["GET"]}}],"collection":[{"href":"https:\/\/bandyforbundet.no\/idrett-for-alle\/index.php?rest_route=\/wp\/v2\/msswb-post"}],"about":[{"href":"https:\/\/bandyforbundet.no\/idrett-for-alle\/index.php?rest_route=\/wp\/v2\/types\/msswb-post"}],"author":[{"embeddable":true,"href":"https:\/\/bandyforbundet.no\/idrett-for-alle\/index.php?rest_route=\/wp\/v2\/users\/9"}],"version-history":[{"count":8,"href":"https:\/\/bandyforbundet.no\/idrett-for-alle\/index.php?rest_route=\/wp\/v2\/msswb-post\/3126\/revisions"}],"predecessor-version":[{"id":3182,"href":"https:\/\/bandyforbundet.no\/idrett-for-alle\/index.php?rest_route=\/wp\/v2\/msswb-post\/3126\/revisions\/3182"}],"wp:attachment":[{"href":"https:\/\/bandyforbundet.no\/idrett-for-alle\/index.php?rest_route=%2Fwp%2Fv2%2Fmedia&parent=3126"}],"wp:term":[{"taxonomy":"category","embeddable":true,"href":"https:\/\/bandyforbundet.no\/idrett-for-alle\/index.php?rest_route=%2Fwp%2Fv2%2Fcategories&post=3126"},{"taxonomy":"msswb-post-shared","embeddable":true,"href":"https:\/\/bandyforbundet.no\/idrett-for-alle\/index.php?rest_route=%2Fwp%2Fv2%2Fmsswb-post-shared&post=3126"}],"curies":[{"name":"wp","href":"https:\/\/api.w.org\/{rel}","templated":true}]}}