{"id":3262,"date":"2026-02-13T11:35:48","date_gmt":"2026-02-13T11:35:48","guid":{"rendered":"https:\/\/bandyforbundet.no\/idrett-for-alle\/?post_type=msswb-post&#038;p=3262"},"modified":"2026-02-13T12:20:16","modified_gmt":"2026-02-13T12:20:16","slug":"el-innebandy-i-narvik","status":"publish","type":"msswb-post","link":"https:\/\/bandyforbundet.no\/idrett-for-alle\/?msswb-post=el-innebandy-i-narvik","title":{"rendered":"EL-innebandy i Narvik"},"content":{"rendered":"\n<p>Det hele startet med en henvendelse fra en engasjert pappa i Gratangen. Hans s\u00f8nner med funksjonsnedsettelser hadde f\u00e5tt pr\u00f8ve el-innebandy p\u00e5 Valnesfjorden Helsesportsenter. Det viste seg \u00e5 v\u00e6re en idrett de likte veldig godt. N\u00e5 \u00f8nsket familien \u00e5 skape det samme tilbudet hjemme i Narvik. Norges Bandyforbund tok tak utfordringen, og muligheten.<\/p>\n\n\n\n<h3 class=\"wp-block-heading\">Stiftet eget paraidrettslag<\/h3>\n\n\n\n<p>For \u00e5 kunne f\u00e5 p\u00e5 plass utl\u00e5n av kjelker og s\u00f8ke om halltid, m\u00e5tte det  etableres en lokal klubb. Familien tok derfor nok et viktig initiativ og stiftet <strong>Narvik Paraidrettslag<\/strong>. Det har v\u00e6rt en avgj\u00f8rende brikke for \u00e5 realisere tilbudet. Med klubben formelt p\u00e5 plass ligger alt til rette for aktivitet, rekruttering og videre utvikling av el-innebandy i Narvik.<\/p>\n\n\n\n<h3 class=\"wp-block-heading\">Seks splitter nye kjelker p\u00e5 plass<\/h3>\n\n\n\n<p>Med midler tildelt fra Norges idrettsforbund via Kulturdepartementet, gikk Norges Bandyforbund til anskaffelse av seks nye el-innebandykjelker. Disse er n\u00e5 p\u00e5 plass i Ankeneshallen i Narvik. Her har Nordland idrettskrets, Narvik kommune og vaktmester i hallen v\u00e6rt gode st\u00f8ttespiller og s\u00f8rget for tilrettelagt lagerplass og n\u00f8dvendig str\u00f8mtilgang.<\/p>\n\n\n\n<h3 class=\"wp-block-heading\">Inviterer til \u00e5pen pr\u00f8vedag 1. mars<\/h3>\n\n\n\n<p>For \u00e5 markere oppstarten inviterer Narvik Paraidrettslag og Norges Bandyforbund til \u00e5pen pr\u00f8vedag <strong>s\u00f8ndag<\/strong> <strong>1. mars<\/strong> i <strong>Ankeneshallen.<\/strong> Her f\u00e5r barn, unge og voksne med funksjonsnedsettelser mulighet til \u00e5 teste el-innebandy. Det blir enkel introduksjon, utl\u00e5n av kjelker og god stemning, og kanskje starten p\u00e5 et nytt fellesskap.<\/p>\n\n\n\n<p>For mer info ta kontakt med leder i Narvik Paraidrettslag: <br>Per Holstad \/ kontakt@narvikparaidrettslag.no \/ 90543104<\/p>\n\n\n\n<p><a href=\"https:\/\/narvikparaidrettslag.no\/\">Narvik paraidrettslag<\/a><\/p>\n\n\n\n<div class=\"msswb-file\"><a href=\"https:\/\/bandyforbundet.no\/idrett-for-alle\/wp-content\/uploads\/sites\/6\/2026\/02\/narvik_flyer.pdf\" class=\"file-button\" download><span class=\"dashicon dashicons dashicons-download\"><\/span><\/a><a class=\"file-link\" href=\"https:\/\/bandyforbundet.no\/idrett-for-alle\/wp-content\/uploads\/sites\/6\/2026\/02\/narvik_flyer.pdf\">narvik_flyer<\/a><\/div>\n","protected":false},"excerpt":{"rendered":"<p>Narvik Paraidrettslag er et splitter nytt idrettslag, stiftet h\u00f8sten 2025, med m\u00e5l om \u00e5 skape flere paraidrettstilbud i Narvik. N\u00e5 starter klubben opp med el-innebandy.<\/p>\n","protected":false},"author":9,"template":"","meta":{"article_featured_image":"{\"image_id\":3270,\"blog_id\":6,\"term_id\":11}","footnotes":""},"categories":[3,2],"msswb-post-shared":[22,23,34,35],"class_list":["post-3262","msswb-post","type-msswb-post","status-publish","hentry","category-el-innebandy","category-idrett-for-alle","msswb-post-shared-idrett-for-alle-til","msswb-post-shared-innebandy","msswb-post-shared-midt","msswb-post-shared-nord"],"_links":{"self":[{"href":"https:\/\/bandyforbundet.no\/idrett-for-alle\/index.php?rest_route=\/wp\/v2\/msswb-post\/3262","targetHints":{"allow":["GET"]}}],"collection":[{"href":"https:\/\/bandyforbundet.no\/idrett-for-alle\/index.php?rest_route=\/wp\/v2\/msswb-post"}],"about":[{"href":"https:\/\/bandyforbundet.no\/idrett-for-alle\/index.php?rest_route=\/wp\/v2\/types\/msswb-post"}],"author":[{"embeddable":true,"href":"https:\/\/bandyforbundet.no\/idrett-for-alle\/index.php?rest_route=\/wp\/v2\/users\/9"}],"version-history":[{"count":8,"href":"https:\/\/bandyforbundet.no\/idrett-for-alle\/index.php?rest_route=\/wp\/v2\/msswb-post\/3262\/revisions"}],"predecessor-version":[{"id":3279,"href":"https:\/\/bandyforbundet.no\/idrett-for-alle\/index.php?rest_route=\/wp\/v2\/msswb-post\/3262\/revisions\/3279"}],"wp:attachment":[{"href":"https:\/\/bandyforbundet.no\/idrett-for-alle\/index.php?rest_route=%2Fwp%2Fv2%2Fmedia&parent=3262"}],"wp:term":[{"taxonomy":"category","embeddable":true,"href":"https:\/\/bandyforbundet.no\/idrett-for-alle\/index.php?rest_route=%2Fwp%2Fv2%2Fcategories&post=3262"},{"taxonomy":"msswb-post-shared","embeddable":true,"href":"https:\/\/bandyforbundet.no\/idrett-for-alle\/index.php?rest_route=%2Fwp%2Fv2%2Fmsswb-post-shared&post=3262"}],"curies":[{"name":"wp","href":"https:\/\/api.w.org\/{rel}","templated":true}]}}