{"id":12742,"date":"2022-12-21T14:39:50","date_gmt":"2022-12-21T14:39:50","guid":{"rendered":"https:\/\/bandyforbundet.no\/innebandy\/?post_type=msswb-post&#038;p=12742"},"modified":"2022-12-22T10:52:56","modified_gmt":"2022-12-22T10:52:56","slug":"uttak-til-vm-kvalifisering-u19-menn","status":"publish","type":"msswb-post","link":"https:\/\/bandyforbundet.no\/innebandy\/?msswb-post=uttak-til-vm-kvalifisering-u19-menn","title":{"rendered":"Uttak til VM-kvalifisering U19-menn"},"content":{"rendered":"\n<p>Landslagssjefen er forn\u00f8yd med dagens situasjon p\u00e5 U-19 landslaget og syntes dagens tropp ligger godt an med tanke p\u00e5 spillesystem, rekker og samspill \u2013 jamf\u00f8rt med tidligere \u00e5rskull. Mye kan skje i tiden mellom VM-kval og VM, og spillerne som ikke er tatt ut n\u00e5 har fortsatt mulighet \u00e5 komme med i VM-troppen. Landslagssjefen har lagt vekt p\u00e5 fire ulike kriterier i uttaket:<\/p>\n\n\n\n<p>\u00abTaktiska\/tekniske ferdigheter: drille, skyte, sentre, spilleforst\u00e5else, taktisk sans, kunna ta beskeder osv osv. Det er ju det som man enklest \u201dser\u201d fra tribunen som coach, trener, forelder, publikum osv. Fine ferdigheter og viktigt att vara bra p\u00e5 det, men vi ser p\u00e5 en helhet der vi veier 3 andra egenskaper minst lika mye.<\/p>\n\n\n\n<p>Fysiske ferdigheter: hur godt trent man er rett og slett\u2026 orker man spille ett VM med tett matchprogram? Det er 5 kamper p\u00e5 5 dager, og vi f\u00f6rhoppningsvis kommer spille den allra viktigaste kampen p\u00e5 dag 4. Da er det viktigt att vi ska orka st\u00e5 l\u00f6pet, att vi kan spille p\u00e5 den m\u00e5ten vi vill med aggressiv press og h\u00f6y gjenvinning.<\/p>\n\n\n\n<p>Sosiala ferdigheter: Hvordan fungerar man i gruppa, tar man energi, eller gir man energi? Er man flink og pushe lagkamraterna, er man flink att passe p\u00e5 tider, rydde opp i garderoben, hjelpe til med vant, bager, passe p\u00e5 s\u00e5 att alla trives. Viktigt for ett m\u00e4sterskap att man trives som en gruppe, men ikke lika lett att se fra tribunen att se disse egenskaperna.<\/p>\n\n\n\n<p>Psykiske ferdigheter: hvordan er man i med\/motgang? Fightas man enda mer eller viker man ner seg? Hvordan reagerar man mot medspelare n\u00e4r man ligger under, er du den som f\u00e5r andra att prestere bedre, klarer man av att spille under press, vem er det som sl\u00e5r en straffe n\u00e4r det 1min igen og det er uavgjort. Vansklig og se fra tribunen, enklare att spotte under flera dager sammen under reise, kamper, hotel osv.\u00bb<\/p>\n\n\n\n<p>I Salzburg m\u00f8ter Norge: Storbritannia, Frankrike, Belgia, \u00d8sterrike og Nederland. De to beste lagene kvalifiserer til VM for U-19 menn som spilles 26. \u2013 30. april i Frederikshavn, Danmark.<\/p>\n\n\n\n<p>Mer informasjon om kvalifiseringen finner du her: <a href=\"https:\/\/floorball.sport\/event\/mens-u19-wfc-2023-eur1-qualification\/\">https:\/\/floorball.sport\/event\/mens-u19-wfc-2023-eur1-qualification\/<\/a><\/p>\n\n\n\n<p>NB! Grunnet nye retningslinjer fra IFF m\u00e5 alle ut\u00f8verne gjennomf\u00f8re den nye &laquo;Ren Ut\u00f8ver&raquo;. Alle moduler og diplomer m\u00e5 tas vare p\u00e5! Kurset finner du under i &laquo;kurs for landslagene&raquo;.<\/p>\n\n\n\n<div class=\"wp-block-msswb-panel msswb-panel-container\"><div class=\"mwwsb-panel-header\"><div class=\"mwwsb-panel-title\">Uttak til VM-kvalifisering <\/div><div class=\"mwwsb-panel-icon\"><span class=\"dashicon dashicons dashicons-arrow-down-alt2\"><\/span><\/div><\/div><div class=\"msswb-panel-content\">\n<p>Marcus Andresen &#8211; Ull-Kisa IL<br>Morten Gilberg &#8211; Ull-Kisa IL<br>Sander Skrolsvik &#8211; Ull-Kisa IL<br>Joakim Bakkerud &#8211; Ull-Kisa IL<br>Ferdinand Vermund &#8211; Ajer IBK<br>Wilmer Anderzon &#8211; Gre\u00e5ker IBK<br>Joachim S\u00f8rby Pedersen &#8211; Slevik IBK<br>Torger Sviland &#8211; Sandnes IBK<br>Herman Wathne &#8211; Sandnes IBK<br>Sebastian K\u00e4mpe &#8211; Nor 92 IBK<br>Colin Oustad &#8211; Gjeller\u00e5sen IF<br>Petter Rob\u00f8le &#8211; Gjeller\u00e5sen IF<br>Jesper Myrvold &#8211; Gjeller\u00e5sen IF<br>\u00c5dne Mellum &#8211; Gjeller\u00e5sen IF<br>Steffen Riisa &#8211; B\u00e6kkelaget SK<br>Tinius W\u00e6rstad &#8211; Tunet IBK<br>Adrian Amdahl &#8211; Tunet IBK<br>Emil Bratlie &#8211; Tunet IBK<br>Lukas-Joaquin Haugen- Tunet IBK<br>Philip Maximillian N\u00e6ss-Fladset &#8211; Monolitten IL<\/p>\n<\/div><\/div>\n\n\n\n<div class=\"wp-block-msswb-panel msswb-panel-container\"><div class=\"mwwsb-panel-header\"><div class=\"mwwsb-panel-title\">Informasjon til ut\u00f8verne<\/div><div class=\"mwwsb-panel-icon\"><span class=\"dashicon dashicons dashicons-arrow-down-alt2\"><\/span><\/div><\/div><div class=\"msswb-panel-content\">\n<p>Avreise: Oppm\u00f8te Gardermoen 12:30 den 22. januar i avgangshallen<\/p>\n\n\n\n<p>Retur: Ankomst Gardermoen 29. januar 13:50<\/p>\n\n\n\n<p>Mer informasjon om VM-kvalifiseringen kommer i interne kommunikasjonskanaler.<\/p>\n\n\n\n<p>For ytterligere sp\u00f8rsm\u00e5l ta kontakt med landslagssjefen Patric Jonsson: 414 67 102<\/p>\n<\/div><\/div>\n\n\n\n<div class=\"wp-block-msswb-panel msswb-panel-container\"><div class=\"mwwsb-panel-header\"><div class=\"mwwsb-panel-title\">Landslagsledelse<\/div><div class=\"mwwsb-panel-icon\"><span class=\"dashicon dashicons dashicons-arrow-down-alt2\"><\/span><\/div><\/div><div class=\"msswb-panel-content\"><div class=\"msswb-display-internal-post-frontend-app-v2\" data-url-encoded-attrs=\"%7B%22displayInternalPost%22%3A%7B%22blog_id%22%3A3%2C%22ID%22%3A5400%7D%7D\" data-dip-id=\"\" ><\/div><\/div><\/div>\n\n\n\n<div class=\"wp-block-msswb-panel msswb-panel-container\"><div class=\"mwwsb-panel-header\"><div class=\"mwwsb-panel-title\">Kurs for landslagene<\/div><div class=\"mwwsb-panel-icon\"><span class=\"dashicon dashicons dashicons-arrow-down-alt2\"><\/span><\/div><\/div><div class=\"msswb-panel-content\">\n<p>For alle ut\u00f8vere og landslagsledelse:<br>Vi setter n\u00e5 krav til at alle involverte i landslag skal ha gjennomf\u00f8rt to kurs med e-l\u00e6ring, for \u00e5 kunne delta p\u00e5 landslagsaktivitet. For alle som allerede har gjennomf\u00f8rt ny Ren Ut\u00f8ver, vil det kun v\u00e6re behov for \u00e5 laste opp diplomet i kurset listet nedenfor, med alle  modulene, som kreves for \u00e5 f\u00e5 det kurset godkjent. Det andre kurset vil legge seg til automatisk etter at det er gjennomf\u00f8rt og er godkjent.<\/p>\n\n\n\n<p>For \u00e5 logge inn, m\u00e5 man ha verifisert en bruker av min idrett. Har man ikke det m\u00e5 man trykke p\u00e5 ny bruker.<\/p>\n\n\n\n<p><em><strong>Her er kurset for innebandylandslagene<\/strong><\/em>:&nbsp;<a href=\"https:\/\/ekurs.nif.no\/course\/view.php?id=737\" target=\"_blank\" rel=\"noreferrer noopener\">https:\/\/ekurs.nif.no\/course\/view.php?id=737<\/a><\/p>\n<\/div><\/div>\n\n\n\n<div class=\"wp-block-msswb-panel msswb-panel-container\"><div class=\"mwwsb-panel-header\"><div class=\"mwwsb-panel-title\">Ut\u00f8veravtalen<\/div><div class=\"mwwsb-panel-icon\"><span class=\"dashicon dashicons dashicons-arrow-down-alt2\"><\/span><\/div><\/div><div class=\"msswb-panel-content\">\n<p id=\"block-dea2fdcc-f6c4-41bf-b54b-0b022df1f03f\"><strong>De store s\u00e6rforbundene i norsk idrett har samarbeidet om en felles mal for ut\u00f8veravtaler for idrettene. Det har v\u00e6rt viktig at forbund og ut\u00f8vere f\u00e5r klare rammer \u00e5 forholde seg til. Norges Bandyforbund har deltatt i denne prosessen og har n\u00e5 tilpasset ut\u00f8veravtalen til innebandy.<\/strong><\/p>\n\n\n\n<p id=\"block-818b115d-d15c-48a8-b229-5f944ed62a82\"><strong>Ved deltakelse p\u00e5 landslagsaktivitet anses avtalen som akseptert.<\/strong><\/p>\n\n\n\n<p id=\"block-818b115d-d15c-48a8-b229-5f944ed62a82\"><a href=\"https:\/\/bandyforbundet.no\/wp-content\/uploads\/sites\/3\/2018\/10\/Vedtatte-vilk%C3%A5r-landslasspillere-innebandy-25.-september-sak-12-19.pdf\"><\/a><a href=\"https:\/\/bandyforbundet.no\/wp-content\/uploads\/sites\/3\/2018\/10\/Vedtatte-vilk%C3%A5r-landslasspillere-innebandy-25.-september-sak-12-19.pdf\">Vedtatte vilk\u00e5r landslasspillere innebandy u0026#8211; 25. september u0026#8211; sak 12-19<\/a><\/p>\n<\/div><\/div>\n","protected":false},"excerpt":{"rendered":"<p>Landslagssjef Patric Jonsson har tatt ut spillerne som skal delta p\u00e5 VM-kvalifiseringen med U19-landslaget for menn 24. \u2013 28. januar i Salzburg, \u00d8sterrike<\/p>\n","protected":false},"author":66,"template":"","meta":{"article_featured_image":"{\"image_id\":11912,\"blog_id\":3,\"term_id\":173,\"selected_size\":\"full\",\"extendedData\":{\"selectedSize\":{\"url\":\"\/wp-content\/uploads\/sites\/3\/2022\/09\/flagg-norge-ib.jpg\",\"width\":1139,\"height\":700,\"aspectRatio\":0.61},\"media\":{\"image_name\":\"flagg-norge-ib\",\"image\":{\"ID\":11912,\"post_author\":\"16\",\"post_date\":\"2022-09-15 14:16:24\",\"post_date_gmt\":\"2022-09-15 14:16:24\",\"post_content\":\"\",\"post_title\":\"flagg-norge-ib\",\"post_excerpt\":\"\",\"post_status\":\"inherit\",\"comment_status\":\"closed\",\"ping_status\":\"closed\",\"post_password\":\"\",\"post_name\":\"flagg-norge-ib\",\"to_ping\":\"\",\"pinged\":\"\",\"post_modified\":\"2022-09-15 14:16:52\",\"post_modified_gmt\":\"2022-09-15 14:16:52\",\"post_content_filtered\":\"\",\"post_parent\":0,\"guid\":\"https:\/\/bandyforbundet.no\/innebandy\/wp-content\/uploads\/sites\/3\/2022\/09\/flagg-norge-ib.jpg\",\"menu_order\":0,\"post_type\":\"attachment\",\"post_mime_type\":\"image\/jpeg\",\"comment_count\":\"0\",\"filter\":\"raw\"},\"image_sizes\":{\"full\":{\"url\":\"\/wp-content\/uploads\/sites\/3\/2022\/09\/flagg-norge-ib.jpg\",\"width\":1139,\"height\":700,\"aspectRatio\":0.61},\"medium\":{\"url\":\"\/wp-content\/uploads\/sites\/3\/2022\/09\/flagg-norge-ib-300x184.jpg\",\"width\":300,\"height\":300},\"large\":{\"url\":\"\/wp-content\/uploads\/sites\/3\/2022\/09\/flagg-norge-ib-1024x629.jpg\",\"width\":1024,\"height\":1024},\"thumbnail\":{\"url\":\"\/wp-content\/uploads\/sites\/3\/2022\/09\/flagg-norge-ib-150x150.jpg\",\"width\":150,\"height\":150},\"medium_large\":{\"url\":\"\/wp-content\/uploads\/sites\/3\/2022\/09\/flagg-norge-ib-768x472.jpg\",\"width\":768,\"height\":768},\"large-thumb\":{\"url\":\"\/wp-content\/uploads\/sites\/3\/2022\/09\/flagg-norge-ib-600x600.jpg\",\"width\":600,\"height\":600}},\"image_meta\":{\"aperture\":\"0\",\"credit\":\"\",\"camera\":\"\",\"caption\":\"\",\"created_timestamp\":\"0\",\"copyright\":\"\",\"focal_length\":\"0\",\"iso\":\"0\",\"shutter_speed\":\"0\",\"title\":\"\",\"orientation\":\"0\",\"keywords\":[]},\"image_excerpt\":\"\",\"image_alt\":\"\",\"subdir\":\"2022\/09\"},\"blog\":{\"blog_name\":\"Innebandy\",\"blog_path\":\"https:\/\/bandyforbundet.no\/innebandy\",\"base_url\":\"\/innebandy\",\"base_uploads_url\":\"\/wp-content\/uploads\/sites\/3\"},\"mediaCategory\":{\"term_id\":173,\"name\":\"Bilder_til_artikkellister\",\"slug\":\"bilder_til_artikkellister\",\"term_group\":0,\"term_taxonomy_id\":173,\"taxonomy\":\"msswb-media-categories\",\"description\":\"\",\"parent\":172,\"count\":39,\"filter\":\"raw\"},\"mediaCategories\":[{\"term_id\":173,\"name\":\"Bilder_til_artikkellister\",\"slug\":\"bilder_til_artikkellister\",\"term_group\":0,\"term_taxonomy_id\":173,\"taxonomy\":\"msswb-media-categories\",\"description\":\"\",\"parent\":172,\"count\":39,\"filter\":\"raw\"},{\"term_id\":178,\"name\":\"Diverse\",\"slug\":\"diverse\",\"term_group\":0,\"term_taxonomy_id\":178,\"taxonomy\":\"msswb-media-categories\",\"description\":\"\",\"parent\":172,\"count\":154,\"filter\":\"raw\"},{\"term_id\":172,\"name\":\"Innebandy\",\"slug\":\"innebandy\",\"term_group\":0,\"term_taxonomy_id\":172,\"taxonomy\":\"msswb-media-categories\",\"description\":\"\",\"parent\":0,\"count\":1423,\"filter\":\"raw\"},{\"term_id\":213,\"name\":\"Landslag\",\"slug\":\"landslag\",\"term_group\":0,\"term_taxonomy_id\":213,\"taxonomy\":\"msswb-media-categories\",\"description\":\"Generelle bilder fra landslagsaktivitet i innebandy\",\"parent\":172,\"count\":177,\"filter\":\"raw\"}]},\"show_image\":false}","footnotes":""},"categories":[2,40,73,79],"msswb-post-shared":[156,157],"class_list":["post-12742","msswb-post","type-msswb-post","status-publish","hentry","category-innebandy","category-landslag","category-u19-landslag-menn","category-uttak-u19-landslag-menn","msswb-post-shared-fra-innebandy","msswb-post-shared-innebandy-til-forbundet"],"_links":{"self":[{"href":"https:\/\/bandyforbundet.no\/innebandy\/index.php?rest_route=\/wp\/v2\/msswb-post\/12742","targetHints":{"allow":["GET"]}}],"collection":[{"href":"https:\/\/bandyforbundet.no\/innebandy\/index.php?rest_route=\/wp\/v2\/msswb-post"}],"about":[{"href":"https:\/\/bandyforbundet.no\/innebandy\/index.php?rest_route=\/wp\/v2\/types\/msswb-post"}],"author":[{"embeddable":true,"href":"https:\/\/bandyforbundet.no\/innebandy\/index.php?rest_route=\/wp\/v2\/users\/66"}],"version-history":[{"count":12,"href":"https:\/\/bandyforbundet.no\/innebandy\/index.php?rest_route=\/wp\/v2\/msswb-post\/12742\/revisions"}],"predecessor-version":[{"id":12790,"href":"https:\/\/bandyforbundet.no\/innebandy\/index.php?rest_route=\/wp\/v2\/msswb-post\/12742\/revisions\/12790"}],"wp:attachment":[{"href":"https:\/\/bandyforbundet.no\/innebandy\/index.php?rest_route=%2Fwp%2Fv2%2Fmedia&parent=12742"}],"wp:term":[{"taxonomy":"category","embeddable":true,"href":"https:\/\/bandyforbundet.no\/innebandy\/index.php?rest_route=%2Fwp%2Fv2%2Fcategories&post=12742"},{"taxonomy":"msswb-post-shared","embeddable":true,"href":"https:\/\/bandyforbundet.no\/innebandy\/index.php?rest_route=%2Fwp%2Fv2%2Fmsswb-post-shared&post=12742"}],"curies":[{"name":"wp","href":"https:\/\/api.w.org\/{rel}","templated":true}]}}