{"id":13194,"date":"2023-02-04T16:00:36","date_gmt":"2023-02-04T16:00:36","guid":{"rendered":"https:\/\/bandyforbundet.no\/innebandy\/?post_type=msswb-post&#038;p=13194"},"modified":"2023-02-04T16:00:36","modified_gmt":"2023-02-04T16:00:36","slug":"norge-er-kvalifisert-til-vm-for-kvinner-i-singapore","status":"publish","type":"msswb-post","link":"https:\/\/bandyforbundet.no\/innebandy\/?msswb-post=norge-er-kvalifisert-til-vm-for-kvinner-i-singapore","title":{"rendered":"Norge er kvalifisert til VM for kvinner i Singapore"},"content":{"rendered":"\n<p><\/p>\n\n\n\n<p><\/p>\n\n\n\n<p>I Koceni m\u00f8tte Norge: Finland, Belgia, Danmark og \u00d8sterrike . De tre beste lagene i gruppen kvalifiserte seg til VM for kvinner som spilles 2. \u2013 10. desember 2023 i Singapore.<\/p>\n\n\n\n<p>Norge har vunnet tre kamper og tapt en kamp. Norge ble kvalifisert til \u00e5 spille VM i Singapore f\u00f8r siste gruppekamp mot \u00d8sterrike.<\/p>\n\n\n\n<p><strong><br><\/strong><\/p>\n\n\n\n<figure class=\"wp-block-embed is-type-video is-provider-youtube wp-block-embed-youtube wp-embed-aspect-16-9 wp-has-aspect-ratio\"><div class=\"wp-block-embed__wrapper\">\n<iframe loading=\"lazy\" title=\"VM kvalifisering for kvinner AUT  NOR   - H\u00f8ydepunkter\" width=\"580\" height=\"326\" src=\"https:\/\/www.youtube.com\/embed\/fEn_z94JZEM?feature=oembed\" frameborder=\"0\" allow=\"accelerometer; autoplay; clipboard-write; encrypted-media; gyroscope; picture-in-picture; web-share\" referrerpolicy=\"strict-origin-when-cross-origin\" allowfullscreen><\/iframe>\n<\/div><\/figure>\n\n\n\n<div class=\"wp-block-msswb-panel msswb-panel-container\"><div class=\"mwwsb-panel-header\"><div class=\"mwwsb-panel-title\">Kampinformasjon og statistikk<\/div><div class=\"mwwsb-panel-icon\"><span class=\"dashicon dashicons dashicons-arrow-down-alt2\"><\/span><\/div><\/div><div class=\"msswb-panel-content\">\n<p><a href=\"https:\/\/floorball.sport\/event\/womens-wfcq-2023-eur2\/\" target=\"_blank\" rel=\"noreferrer noopener\">F\u00f8lg kampene til Norge<\/a> <\/p>\n<\/div><\/div>\n\n\n\n<div class=\"wp-block-msswb-panel msswb-panel-container\"><div class=\"mwwsb-panel-header\"><div class=\"mwwsb-panel-title\">Troppen<\/div><div class=\"mwwsb-panel-icon\"><span class=\"dashicon dashicons dashicons-arrow-down-alt2\"><\/span><\/div><\/div><div class=\"msswb-panel-content\">\n<figure class=\"wp-block-table\"><table><tbody><tr><td><strong>2<\/strong><\/td><td>Hansen<\/td><td>Rikke Ingebrigtsli<\/td><\/tr><tr><td><strong>3<\/strong><\/td><td>Sundnes<\/td><td>Emilie<\/td><\/tr><tr><td><strong>5<\/strong><\/td><td>S\u00f8rflaten<\/td><td>Ingvild Meyer<\/td><\/tr><tr><td><strong>6<\/strong><\/td><td>Farnes<\/td><td>Karen<\/td><\/tr><tr><td><strong>7<\/strong><\/td><td>Monsen<\/td><td>Stina Lima<\/td><\/tr><tr><td><strong>10<\/strong><\/td><td>Wolf<\/td><td>Marie<\/td><\/tr><tr><td><strong>11<\/strong><\/td><td>Eriksen<\/td><td>Kine Hedlund<\/td><\/tr><tr><td><strong>12<\/strong><\/td><td>Sundberg<\/td><td>Ida<\/td><\/tr><tr><td><strong>15<\/strong><\/td><td>Craig<\/td><td>Sandra<\/td><\/tr><tr><td><strong>16<\/strong><\/td><td>Tysland<\/td><td>Natalie<\/td><\/tr><tr><td><strong>17<\/strong><\/td><td>Simonsen<\/td><td>Martine<\/td><\/tr><tr><td><strong>18<\/strong><\/td><td>Wiik<\/td><td>Ina Nj\u00e6rheim<\/td><\/tr><tr><td><strong>19<\/strong><\/td><td>Gundersen<\/td><td>Marie Navestad<\/td><\/tr><tr><td><strong>20<\/strong><\/td><td>Dagestad<\/td><td>Eline<\/td><\/tr><tr><td><strong>21<\/strong><\/td><td>Kristiansen<\/td><td>Sofie<\/td><\/tr><tr><td><strong>22<\/strong><\/td><td>Terjesen<\/td><td>Line<\/td><\/tr><tr><td><strong>26<\/strong><\/td><td>Olsen<\/td><td>Nicoline Marie Karlsen<\/td><\/tr><tr><td><strong>29<\/strong><\/td><td>Benk\u00f8<\/td><td>Lene<\/td><\/tr><tr><td><strong>30<\/strong><\/td><td>Ellis<\/td><td>Maiken<\/td><\/tr><tr><td><strong>35<\/strong><\/td><td>Ekholt<\/td><td>Thea Kristine<\/td><\/tr><\/tbody><\/table><\/figure>\n<\/div><\/div>\n\n\n\n<div class=\"wp-block-msswb-panel msswb-panel-container\"><div class=\"mwwsb-panel-header\"><div class=\"mwwsb-panel-title\">Informasjon til ut\u00f8verne<\/div><div class=\"mwwsb-panel-icon\"><span class=\"dashicon dashicons dashicons-arrow-down-alt2\"><\/span><\/div><\/div><div class=\"msswb-panel-content\">\n<p>Avreise: Oppm\u00f8te Gardermoen 17:50 den 29. januar i avgangshallen <\/p>\n\n\n\n<p>Retur: Ankomst Gardermoen 5. februar 14:45<\/p>\n\n\n\n<p>Mer informasjon om VM-kvalifiseringen kommer senere.<\/p>\n\n\n\n<p>For ytterligere sp\u00f8rsm\u00e5l ta kontakt med landslagssjefen \u00d8yvind Lunde-Bergersen<\/p>\n\n\n\n<p><\/p>\n<\/div><\/div>\n\n\n\n<div class=\"wp-block-msswb-panel msswb-panel-container\"><div class=\"mwwsb-panel-header\"><div class=\"mwwsb-panel-title\">Kurs for landslagene<\/div><div class=\"mwwsb-panel-icon\"><span class=\"dashicon dashicons dashicons-arrow-down-alt2\"><\/span><\/div><\/div><div class=\"msswb-panel-content\">\n<p>For alle ut\u00f8vere og landslagsledelse:<br>Vi setter n\u00e5 krav til at alle involverte i landslag skal ha gjennomf\u00f8rt to kurs med e-l\u00e6ring, for \u00e5 kunne delta p\u00e5 landslagsaktivitet. For alle som allerede har gjennomf\u00f8rt ny Ren Ut\u00f8ver, vil det kun v\u00e6re behov for \u00e5 laste opp diplomet i kurset listet nedenfor, med alle  modulene, som kreves for \u00e5 f\u00e5 det kurset godkjent. Det andre kurset vil legge seg til automatisk etter at det er gjennomf\u00f8rt og er godkjent.<\/p>\n\n\n\n<p>For \u00e5 logge inn, m\u00e5 man ha verifisert en bruker av min idrett. Har man ikke det m\u00e5 man trykke p\u00e5 ny bruker.<\/p>\n\n\n\n<p><em><strong>Her er kurset for innebandylandslagene<\/strong><\/em>:&nbsp;<a href=\"https:\/\/ekurs.nif.no\/course\/view.php?id=737\" target=\"_blank\" rel=\"noreferrer noopener\">https:\/\/ekurs.nif.no\/course\/view.php?id=737<\/a><\/p>\n<\/div><\/div>\n\n\n\n<div class=\"wp-block-msswb-panel msswb-panel-container\"><div class=\"mwwsb-panel-header\"><div class=\"mwwsb-panel-title\">Ut\u00f8veravtalen<\/div><div class=\"mwwsb-panel-icon\"><span class=\"dashicon dashicons dashicons-arrow-down-alt2\"><\/span><\/div><\/div><div class=\"msswb-panel-content\">\n<p id=\"block-dea2fdcc-f6c4-41bf-b54b-0b022df1f03f\"><strong>De store s\u00e6rforbundene i norsk idrett har samarbeidet om en felles mal for ut\u00f8veravtaler for idrettene. Det har v\u00e6rt viktig at forbund og ut\u00f8vere f\u00e5r klare rammer \u00e5 forholde seg til. Norges Bandyforbund har deltatt i denne prosessen og har n\u00e5 tilpasset ut\u00f8veravtalen til innebandy.<\/strong><\/p>\n\n\n\n<p id=\"block-818b115d-d15c-48a8-b229-5f944ed62a82\"><strong>Ved deltakelse p\u00e5 landslagsaktivitet anses avtalen som akseptert.<\/strong><\/p>\n\n\n\n<p id=\"block-818b115d-d15c-48a8-b229-5f944ed62a82\"><a href=\"https:\/\/bandyforbundet.no\/wp-content\/uploads\/sites\/3\/2018\/10\/Vedtatte-vilk%C3%A5r-landslasspillere-innebandy-25.-september-sak-12-19.pdf\"><\/a><a href=\"https:\/\/bandyforbundet.no\/wp-content\/uploads\/sites\/3\/2018\/10\/Vedtatte-vilk%C3%A5r-landslasspillere-innebandy-25.-september-sak-12-19.pdf\">Vedtatte vilk\u00e5r landslasspillere innebandy u0026#8211; 25. september u0026#8211; sak 12-19<\/a><\/p>\n<\/div><\/div>\n","protected":false},"excerpt":{"rendered":"<p>Kvinnelandslaget spilte VM-kvalifisering 31. januar til 4. februar i Koceni, Latvia.<\/p>\n","protected":false},"author":28,"template":"","meta":{"article_featured_image":"{\"image_id\":13183,\"blog_id\":3,\"term_id\":214}","footnotes":""},"categories":[41,2,40,43,47,79],"msswb-post-shared":[156,157],"class_list":["post-13194","msswb-post","type-msswb-post","status-publish","hentry","category-a-landslag-kvinner","category-innebandy","category-landslag","category-praktisk-info","category-uttak","category-uttak-u19-landslag-menn","msswb-post-shared-fra-innebandy","msswb-post-shared-innebandy-til-forbundet"],"_links":{"self":[{"href":"https:\/\/bandyforbundet.no\/innebandy\/index.php?rest_route=\/wp\/v2\/msswb-post\/13194","targetHints":{"allow":["GET"]}}],"collection":[{"href":"https:\/\/bandyforbundet.no\/innebandy\/index.php?rest_route=\/wp\/v2\/msswb-post"}],"about":[{"href":"https:\/\/bandyforbundet.no\/innebandy\/index.php?rest_route=\/wp\/v2\/types\/msswb-post"}],"author":[{"embeddable":true,"href":"https:\/\/bandyforbundet.no\/innebandy\/index.php?rest_route=\/wp\/v2\/users\/28"}],"version-history":[{"count":5,"href":"https:\/\/bandyforbundet.no\/innebandy\/index.php?rest_route=\/wp\/v2\/msswb-post\/13194\/revisions"}],"predecessor-version":[{"id":13199,"href":"https:\/\/bandyforbundet.no\/innebandy\/index.php?rest_route=\/wp\/v2\/msswb-post\/13194\/revisions\/13199"}],"wp:attachment":[{"href":"https:\/\/bandyforbundet.no\/innebandy\/index.php?rest_route=%2Fwp%2Fv2%2Fmedia&parent=13194"}],"wp:term":[{"taxonomy":"category","embeddable":true,"href":"https:\/\/bandyforbundet.no\/innebandy\/index.php?rest_route=%2Fwp%2Fv2%2Fcategories&post=13194"},{"taxonomy":"msswb-post-shared","embeddable":true,"href":"https:\/\/bandyforbundet.no\/innebandy\/index.php?rest_route=%2Fwp%2Fv2%2Fmsswb-post-shared&post=13194"}],"curies":[{"name":"wp","href":"https:\/\/api.w.org\/{rel}","templated":true}]}}