{"id":3916,"date":"2021-10-24T09:00:00","date_gmt":"2021-10-24T09:00:00","guid":{"rendered":"http:\/\/bandyforbundet.no\/innebandy\/?msswb-post=arets-dommerpar-i-innebandy-2020-2021"},"modified":"2021-10-25T08:47:27","modified_gmt":"2021-10-25T08:47:27","slug":"arets-dommerpar-i-innebandy-2020-2021","status":"publish","type":"msswb-post","link":"https:\/\/bandyforbundet.no\/innebandy\/?msswb-post=arets-dommerpar-i-innebandy-2020-2021","title":{"rendered":"\u00c5rets dommerpar i innebandy 2020\/2021"},"content":{"rendered":"<div class=\"msswb-image-frontend-app\"data-href-target=\"false\" data-href=\"%22%22\" data-use-link=\"false\" data-screen-width=\"false\" data-alignment=\"%22right%22\" data-url=\"%22%5C%2Fwp-content%5C%2Fuploads%5C%2Fsites%5C%2F3%5C%2F2021%5C%2F10%5C%2FCI9A9328.jpg%22\" data-is-background-image=\"true\" data-border-radius=\"0\" data-image-width=\"1920\" data-image-height=\"1280\" data-selected-image=\"%7B%22image_id%22%3A8902%2C%22blog_id%22%3A3%2C%22term_id%22%3A179%2C%22selected_size%22%3A%22full%22%7D\" data-image-aspect-ratio=\"0.67\" data-alt-text=\"%22%22\" data-caption=\"%22Foto%3A%20Tor%20Anders%20Dalland%22\" data-width=\"1920\" data-height=\"1280\" data-focal-point=\"\" data-show-light-box=\"false\" >\n<div class=\"msswb-image-block msswbright\" style=\"width:1920px\"><div class=\"msswb-image\"><div class=\"image-container is-background-image\" style=\"background-image:url(\/wp-content\/uploads\/sites\/3\/2021\/10\/CI9A9328.jpg);background-position:center center;background-size:cover;background-repeat:no-repeat;width:100%;height:1280px\"><\/div><\/div><div class=\"msswb-image-attribution\"><\/div><div class=\"msswb-image-caption\">Foto: Tor Anders Dalland<\/div><\/div>\n<\/div>\n\n\n<p>Paret vinner med det utmerkelsen for andre \u00e5ret p\u00e5 rad.<\/p>\n\n\n\n<p>Pedersen har tilh\u00f8rt forbundsseriedommergruppen de siste fem \u00e5rene, mens Meller har d\u00f8mt i forbundsseriene siden sesongen 2007\/2008.<\/p>\n\n\n\n<p>Norges Bandyforbund gratulerer!<\/p>\n","protected":false},"excerpt":{"rendered":"<p>H\u00e5vard Pedersen, Sveiva Innebandy og Jon \u00c5ge Meller, \u00d8stensj\u00f8 Innebandy, mottok Jan Nordlis hederspris som \u00e5rets dommerpar, etter k\u00e5ring blant eliteserielagene for kvinner og menn i forbindelse med elitekampen mellom Gjeller\u00e5sen og Gre\u00e5ker p\u00e5 l\u00f8rdag.<\/p>\n","protected":false},"author":47,"template":"","meta":{"article_featured_image":"{\"image_id\":8901,\"blog_id\":3,\"term_id\":179}","footnotes":""},"categories":[92,27,2,4,85,23],"msswb-post-shared":[155,156,157],"class_list":["post-3916","msswb-post","type-msswb-post","status-publish","hentry","category-dommerkomiteen","category-eliteserien-menn","category-innebandy","category-kamper","category-praktisk-info-innebandy","category-serier","msswb-post-shared-artikler","msswb-post-shared-fra-innebandy","msswb-post-shared-innebandy-til-forbundet"],"_links":{"self":[{"href":"https:\/\/bandyforbundet.no\/innebandy\/index.php?rest_route=\/wp\/v2\/msswb-post\/3916","targetHints":{"allow":["GET"]}}],"collection":[{"href":"https:\/\/bandyforbundet.no\/innebandy\/index.php?rest_route=\/wp\/v2\/msswb-post"}],"about":[{"href":"https:\/\/bandyforbundet.no\/innebandy\/index.php?rest_route=\/wp\/v2\/types\/msswb-post"}],"author":[{"embeddable":true,"href":"https:\/\/bandyforbundet.no\/innebandy\/index.php?rest_route=\/wp\/v2\/users\/47"}],"version-history":[{"count":3,"href":"https:\/\/bandyforbundet.no\/innebandy\/index.php?rest_route=\/wp\/v2\/msswb-post\/3916\/revisions"}],"predecessor-version":[{"id":8908,"href":"https:\/\/bandyforbundet.no\/innebandy\/index.php?rest_route=\/wp\/v2\/msswb-post\/3916\/revisions\/8908"}],"wp:attachment":[{"href":"https:\/\/bandyforbundet.no\/innebandy\/index.php?rest_route=%2Fwp%2Fv2%2Fmedia&parent=3916"}],"wp:term":[{"taxonomy":"category","embeddable":true,"href":"https:\/\/bandyforbundet.no\/innebandy\/index.php?rest_route=%2Fwp%2Fv2%2Fcategories&post=3916"},{"taxonomy":"msswb-post-shared","embeddable":true,"href":"https:\/\/bandyforbundet.no\/innebandy\/index.php?rest_route=%2Fwp%2Fv2%2Fmsswb-post-shared&post=3916"}],"curies":[{"name":"wp","href":"https:\/\/api.w.org\/{rel}","templated":true}]}}