{"id":9175,"date":"2021-11-26T09:24:14","date_gmt":"2021-11-26T09:24:14","guid":{"rendered":"http:\/\/bandyforbundet.no\/innebandy\/?post_type=msswb-post&#038;p=9175"},"modified":"2021-12-04T12:56:56","modified_gmt":"2021-12-04T12:56:56","slug":"vm-starter-pa-lordag-kl-1500","status":"publish","type":"msswb-post","link":"https:\/\/bandyforbundet.no\/innebandy\/?msswb-post=vm-starter-pa-lordag-kl-1500","title":{"rendered":"VM starter p\u00e5 l\u00f8rdag kl. 1500"},"content":{"rendered":"\n<p><strong>Gruppespillet<\/strong><br>Norge skal i gruppespillet m\u00f8te NFFR (Russland), Estland og Singapore. <br>Fra l\u00f8rdagen av blir det en kamp hver dag frem til og med mandag.<br>Vinneren og andreplassen i Norges gruppe skal ut i en playoff-kamp. Vinneren av den igjen skal spille kvartfinale. <br><\/p>\n\n\n\n<p><strong>Se alle de norske kampene<\/strong><br>Allerede l\u00f8rdag kan du se de norske jentene p\u00e5 TV2 Sport1.<br>TV2 sender alle de norske kampene fra mesterskapet og de kan sees p\u00e5 TV2 Sport1 eller p\u00e5 TV2 Play<\/p>\n\n\n\n<p><strong>Program <\/strong><br><strong>L\u00f8rdag<\/strong> <strong>27. november<\/strong><br>15:00 NFFR &#8211; Norge (sendingen starter 14:45)<br><br><strong>S\u00f8ndag<\/strong> <strong>28. november<\/strong><br>12:45 Estland &#8211; Norge (sendingen starter 12:30)<br><br><strong>Mandag 29. november<\/strong><br>18:00 Norge &#8211; Singapore (sendingen starter 17:45)<\/p>\n\n\n\n<p><strong>Onsdag 1. desember<\/strong><br>1000 Latvia &#8211; Norge (sendingen starter 09:45)<\/p>\n\n\n\n<p><strong>Torsdag 2. desember<\/strong><br>1810 Sverige &#8211; Norge (sendingen starter 17:55)<\/p>\n\n\n\n<p><strong>L\u00f8rdag 4. desember<\/strong><br>1130 Norge &#8211; Slovakia  (sendingen starter 11:15)<\/p>\n\n\n\n<p><strong>S\u00f8ndag 5. desember<\/strong><br>10.30 Danmark &#8211; Norge &#8211; Kampen om 7. plass<\/p>\n\n\n\n<div class=\"wp-block-msswb-spacer msswb-spacer-container\" style=\"height:50px\"><div class=\"line\" style=\"height:25px\"><\/div><div class=\"line-center-divider\"><\/div><\/div>\n\n\n\n<p><a href=\"https:\/\/bandyforbundet.no\/innebandy\/?page_id=3775\">Lenke til VM-sidene til Norges Bandyforbund<\/a><\/p>\n\n\n\n<p><a rel=\"noreferrer noopener\" href=\"https:\/\/www.wfc2021.se\" target=\"_blank\">Lenke til IFFs VM-sider<\/a><\/p>\n\n\n\n<figure class=\"wp-block-embed is-type-video is-provider-youtube wp-block-embed-youtube wp-embed-aspect-16-9 wp-has-aspect-ratio\"><div class=\"wp-block-embed__wrapper\">\n<iframe loading=\"lazy\" title=\"NOR   LAT VM for kvinner 2021 Highlights\" width=\"580\" height=\"326\" src=\"https:\/\/www.youtube.com\/embed\/1usoVosZDGM?feature=oembed\" frameborder=\"0\" allow=\"accelerometer; autoplay; clipboard-write; encrypted-media; gyroscope; picture-in-picture; web-share\" referrerpolicy=\"strict-origin-when-cross-origin\" allowfullscreen><\/iframe>\n<\/div><\/figure>\n\n\n\n<figure class=\"wp-block-embed is-type-video is-provider-youtube wp-block-embed-youtube wp-embed-aspect-16-9 wp-has-aspect-ratio\"><div class=\"wp-block-embed__wrapper\">\n<iframe loading=\"lazy\" title=\"H\u00f8ydepunkter Norge   Singapore VM for kvinner i innebandy\" width=\"580\" height=\"326\" src=\"https:\/\/www.youtube.com\/embed\/PqXvGtS8nXg?feature=oembed\" frameborder=\"0\" allow=\"accelerometer; autoplay; clipboard-write; encrypted-media; gyroscope; picture-in-picture; web-share\" referrerpolicy=\"strict-origin-when-cross-origin\" allowfullscreen><\/iframe>\n<\/div><\/figure>\n\n\n\n<figure class=\"wp-block-embed is-type-video is-provider-youtube wp-block-embed-youtube wp-embed-aspect-16-9 wp-has-aspect-ratio\"><div class=\"wp-block-embed__wrapper\">\n<iframe loading=\"lazy\" title=\"Norge mot Estland VM for kvinner 2021   - h\u00f8ydepunkter\" width=\"580\" height=\"326\" src=\"https:\/\/www.youtube.com\/embed\/TVhNfebpkm0?feature=oembed\" frameborder=\"0\" allow=\"accelerometer; autoplay; clipboard-write; encrypted-media; gyroscope; picture-in-picture; web-share\" referrerpolicy=\"strict-origin-when-cross-origin\" allowfullscreen><\/iframe>\n<\/div><\/figure>\n\n\n\n<figure class=\"wp-block-embed is-type-video is-provider-youtube wp-block-embed-youtube wp-embed-aspect-16-9 wp-has-aspect-ratio\"><div class=\"wp-block-embed__wrapper\">\n<iframe loading=\"lazy\" title=\"Norske m\u00e5l mot NFFR i VM i innebandy 2021\" width=\"580\" height=\"326\" src=\"https:\/\/www.youtube.com\/embed\/dN3COdk3-IY?feature=oembed\" frameborder=\"0\" allow=\"accelerometer; autoplay; clipboard-write; encrypted-media; gyroscope; picture-in-picture; web-share\" referrerpolicy=\"strict-origin-when-cross-origin\" allowfullscreen><\/iframe>\n<\/div><\/figure>\n\n\n\n<figure class=\"wp-block-embed is-type-video is-provider-youtube wp-block-embed-youtube wp-embed-aspect-16-9 wp-has-aspect-ratio\"><div class=\"wp-block-embed__wrapper\">\n<iframe loading=\"lazy\" title=\"VM kvinner 2021 dag 1   HD 1080p\" width=\"580\" height=\"326\" src=\"https:\/\/www.youtube.com\/embed\/HcwNGyXOw0g?feature=oembed\" frameborder=\"0\" allow=\"accelerometer; autoplay; clipboard-write; encrypted-media; gyroscope; picture-in-picture; web-share\" referrerpolicy=\"strict-origin-when-cross-origin\" allowfullscreen><\/iframe>\n<\/div><\/figure>\n\n\n\n<div class=\"wp-block-msswb-spacer msswb-spacer-container\" style=\"height:50px\"><div class=\"line\" style=\"height:25px\"><\/div><div class=\"line-center-divider\"><\/div><\/div>\n\n\n\n<p class=\"has-normal-font-size\"><strong>VM troppen:<\/strong><\/p>\n\n\n\n<figure class=\"wp-block-table\"><table><tbody><tr><td>2<\/td><td>Hansen<\/td><td>Rikke Ingebrigtsli<\/td><\/tr><tr><td>3<\/td><td>Sundnes<\/td><td>Emilie&nbsp;<\/td><\/tr><tr><td>4<\/td><td>Eriksen<\/td><td>Kine Hedlund<\/td><\/tr><tr><td>5<\/td><td>S\u00f8rflaten<\/td><td>Ingvild Meyer&nbsp;<\/td><\/tr><tr><td>6<\/td><td>Farnes<\/td><td>Karen&nbsp;<\/td><\/tr><tr><td>7<\/td><td>Einstulen<\/td><td>Tone&nbsp;<\/td><\/tr><tr><td>8<\/td><td>Hjort<\/td><td>Charlotta<\/td><\/tr><tr><td>9<\/td><td>Gidske<\/td><td>Julie&nbsp;<\/td><\/tr><tr><td>10<\/td><td>Wolf<\/td><td>Marie&nbsp;<\/td><\/tr><tr><td>11<\/td><td>Blekkan<\/td><td>Kamilla<\/td><\/tr><tr><td>15<\/td><td>Bakka<\/td><td>Julianne<\/td><\/tr><tr><td>16<\/td><td>Auestad<\/td><td>Silje Karlsen<\/td><\/tr><tr><td>17<\/td><td>Simonsen<\/td><td>Martine&nbsp;<\/td><\/tr><tr><td>18<\/td><td>Wiik<\/td><td>Ina Nj\u00e6rheim<\/td><\/tr><tr><td>19<\/td><td>Gundersen<\/td><td>Marie Navestad<\/td><\/tr><tr><td>20<\/td><td>Dagestad<\/td><td>Eline&nbsp;<\/td><\/tr><tr><td>21<\/td><td>Lunde<\/td><td>Emma S\u00f8reng&nbsp;<\/td><\/tr><tr><td>25<\/td><td>Kristiansen<\/td><td>Sofie&nbsp;<\/td><\/tr><tr><td>30<\/td><td>Ellis<\/td><td>Maiken<\/td><\/tr><tr><td>35<\/td><td>Ekholt<\/td><td>Thea<\/td><\/tr><\/tbody><\/table><\/figure>\n\n\n\n<div class=\"wp-block-msswb-panel msswb-panel-container\"><div class=\"mwwsb-panel-header\"><div class=\"mwwsb-panel-title\">Ut\u00f8veravtalen<\/div><div class=\"mwwsb-panel-icon\"><span class=\"dashicon dashicons dashicons-arrow-down-alt2\"><\/span><\/div><\/div><div class=\"msswb-panel-content\"><div class=\"msswb-display-internal-post-frontend-app-v2\" data-url-encoded-attrs=\"%7B%22displayInternalPost%22%3A%7B%22blog_id%22%3A3%2C%22ID%22%3A4390%7D%7D\" data-dip-id=\"\" ><\/div><\/div><\/div>\n\n\n\n<div class=\"wp-block-msswb-panel msswb-panel-container\"><div class=\"mwwsb-panel-header\"><div class=\"mwwsb-panel-title\">Landslagsledelse<\/div><div class=\"mwwsb-panel-icon\"><span class=\"dashicon dashicons dashicons-arrow-down-alt2\"><\/span><\/div><\/div><div class=\"msswb-panel-content\"><div class=\"msswb-display-internal-post-frontend-app-v2\" data-url-encoded-attrs=\"%7B%22displayInternalPost%22%3A%7B%22blog_id%22%3A3%2C%22ID%22%3A5399%7D%7D\" data-dip-id=\"\" ><\/div><\/div><\/div>\n\n\n\n<div class=\"wp-block-msswb-panel msswb-panel-container\"><div class=\"mwwsb-panel-header\"><div class=\"mwwsb-panel-title\">Landslagsprogram<\/div><div class=\"mwwsb-panel-icon\"><span class=\"dashicon dashicons dashicons-arrow-down-alt2\"><\/span><\/div><\/div><div class=\"msswb-panel-content\"><div class=\"msswb-display-internal-post-frontend-app-v2\" data-url-encoded-attrs=\"%7B%22displayInternalPost%22%3A%7B%22blog_id%22%3A3%2C%22ID%22%3A5405%7D%7D\" data-dip-id=\"\" ><\/div><\/div><\/div>\n","protected":false},"excerpt":{"rendered":"<p>Kvinnelandslaget spiller VM i Uppsala i tidsperioden 27. november &#8211; 5. desember. Se alle de norske kampene p\u00e5 TV2 Sport1 eller TV2 Play.<\/p>\n","protected":false},"author":28,"template":"","meta":{"article_featured_image":"{\"image_id\":9100,\"blog_id\":3,\"term_id\":214,\"selected_size\":\"full\",\"extendedData\":{\"selectedSize\":{\"url\":\"\/wp-content\/uploads\/sites\/3\/2021\/11\/08-scaled.jpg\",\"width\":2560,\"height\":1707,\"aspectRatio\":0.67},\"media\":{\"image_name\":\"08\",\"image\":{\"ID\":9100,\"post_author\":\"28\",\"post_date\":\"2021-11-14 22:44:39\",\"post_date_gmt\":\"2021-11-14 22:44:39\",\"post_content\":\"\",\"post_title\":\"08\",\"post_excerpt\":\"\",\"post_status\":\"inherit\",\"comment_status\":\"closed\",\"ping_status\":\"closed\",\"post_password\":\"\",\"post_name\":\"08\",\"to_ping\":\"\",\"pinged\":\"\",\"post_modified\":\"2021-11-14 22:46:53\",\"post_modified_gmt\":\"2021-11-14 22:46:53\",\"post_content_filtered\":\"\",\"post_parent\":0,\"guid\":\"https:\/\/bandyforbundet.no\/innebandy\/wp-content\/uploads\/sites\/3\/2021\/11\/08.jpg\",\"menu_order\":0,\"post_type\":\"attachment\",\"post_mime_type\":\"image\/jpeg\",\"comment_count\":\"0\",\"filter\":\"raw\"},\"image_sizes\":{\"full\":{\"url\":\"\/wp-content\/uploads\/sites\/3\/2021\/11\/08-scaled.jpg\",\"width\":2560,\"height\":1707,\"aspectRatio\":0.67},\"medium\":{\"url\":\"\/wp-content\/uploads\/sites\/3\/2021\/11\/08-300x200.jpg\",\"width\":300,\"height\":300},\"large\":{\"url\":\"\/wp-content\/uploads\/sites\/3\/2021\/11\/08-1024x683.jpg\",\"width\":1024,\"height\":1024},\"thumbnail\":{\"url\":\"\/wp-content\/uploads\/sites\/3\/2021\/11\/08-150x150.jpg\",\"width\":150,\"height\":150},\"medium_large\":{\"url\":\"\/wp-content\/uploads\/sites\/3\/2021\/11\/08-768x512.jpg\",\"width\":768,\"height\":768},\"1536x1536\":{\"url\":\"\/wp-content\/uploads\/sites\/3\/2021\/11\/08-1536x1024.jpg\",\"width\":1536,\"height\":1536},\"2048x2048\":{\"url\":\"\/wp-content\/uploads\/sites\/3\/2021\/11\/08-2048x1365.jpg\",\"width\":2048,\"height\":2048},\"large-thumb\":{\"url\":\"\/wp-content\/uploads\/sites\/3\/2021\/11\/08-600x600.jpg\",\"width\":600,\"height\":600},\"post-thumbnail\":{\"url\":\"\/wp-content\/uploads\/sites\/3\/2021\/11\/08-1200x800.jpg\",\"width\":1200,\"height\":1200},\"twentytwenty-fullscreen\":{\"url\":\"\/wp-content\/uploads\/sites\/3\/2021\/11\/08-1980x1320.jpg\",\"width\":1980,\"height\":1980}},\"image_meta\":{\"aperture\":\"2.8\",\"credit\":\"\",\"camera\":\"Canon EOS 7D\",\"caption\":\"\",\"created_timestamp\":\"1636899795\",\"copyright\":\"\",\"focal_length\":\"75\",\"iso\":\"1600\",\"shutter_speed\":\"0.0025\",\"title\":\"\",\"orientation\":\"0\",\"keywords\":[]},\"image_excerpt\":\"\",\"image_alt\":\"\",\"subdir\":\"2021\/11\"},\"blog\":{\"blog_name\":\"Innebandy\",\"blog_path\":\"https:\/\/bandyforbundet.no\/innebandy\",\"base_url\":\"\/innebandy\",\"base_uploads_url\":\"\/wp-content\/uploads\/sites\/3\"},\"mediaCategory\":{\"term_id\":214,\"name\":\"A-kvinner\",\"slug\":\"a-kvinner\",\"term_group\":0,\"term_taxonomy_id\":214,\"taxonomy\":\"msswb-media-categories\",\"description\":\"\",\"parent\":213,\"count\":111,\"filter\":\"raw\"},\"mediaCategories\":[{\"term_id\":214,\"name\":\"A-kvinner\",\"slug\":\"a-kvinner\",\"term_group\":0,\"term_taxonomy_id\":214,\"taxonomy\":\"msswb-media-categories\",\"description\":\"\",\"parent\":213,\"count\":111,\"filter\":\"raw\"},{\"term_id\":172,\"name\":\"Innebandy\",\"slug\":\"innebandy\",\"term_group\":0,\"term_taxonomy_id\":172,\"taxonomy\":\"msswb-media-categories\",\"description\":\"\",\"parent\":0,\"count\":1103,\"filter\":\"raw\"},{\"term_id\":213,\"name\":\"Landslag\",\"slug\":\"landslag\",\"term_group\":0,\"term_taxonomy_id\":213,\"taxonomy\":\"msswb-media-categories\",\"description\":\"Generelle bilder fra landslagsaktivitet i innebandy\",\"parent\":172,\"count\":146,\"filter\":\"raw\"}]},\"show_image\":false}","footnotes":""},"categories":[41,2,40,70,49],"msswb-post-shared":[],"class_list":["post-9175","msswb-post","type-msswb-post","status-publish","hentry","category-a-landslag-kvinner","category-innebandy","category-landslag","category-uttak-u19-landslag-kvinner","category-vm"],"_links":{"self":[{"href":"https:\/\/bandyforbundet.no\/innebandy\/index.php?rest_route=\/wp\/v2\/msswb-post\/9175","targetHints":{"allow":["GET"]}}],"collection":[{"href":"https:\/\/bandyforbundet.no\/innebandy\/index.php?rest_route=\/wp\/v2\/msswb-post"}],"about":[{"href":"https:\/\/bandyforbundet.no\/innebandy\/index.php?rest_route=\/wp\/v2\/types\/msswb-post"}],"author":[{"embeddable":true,"href":"https:\/\/bandyforbundet.no\/innebandy\/index.php?rest_route=\/wp\/v2\/users\/28"}],"version-history":[{"count":18,"href":"https:\/\/bandyforbundet.no\/innebandy\/index.php?rest_route=\/wp\/v2\/msswb-post\/9175\/revisions"}],"predecessor-version":[{"id":9351,"href":"https:\/\/bandyforbundet.no\/innebandy\/index.php?rest_route=\/wp\/v2\/msswb-post\/9175\/revisions\/9351"}],"wp:attachment":[{"href":"https:\/\/bandyforbundet.no\/innebandy\/index.php?rest_route=%2Fwp%2Fv2%2Fmedia&parent=9175"}],"wp:term":[{"taxonomy":"category","embeddable":true,"href":"https:\/\/bandyforbundet.no\/innebandy\/index.php?rest_route=%2Fwp%2Fv2%2Fcategories&post=9175"},{"taxonomy":"msswb-post-shared","embeddable":true,"href":"https:\/\/bandyforbundet.no\/innebandy\/index.php?rest_route=%2Fwp%2Fv2%2Fmsswb-post-shared&post=9175"}],"curies":[{"name":"wp","href":"https:\/\/api.w.org\/{rel}","templated":true}]}}