{"id":6325,"date":"2024-11-22T13:02:08","date_gmt":"2024-11-22T13:02:08","guid":{"rendered":"https:\/\/bandyforbundet.no\/oslo-og-akershus\/?post_type=msswb-post&#038;p=6325"},"modified":"2024-11-22T13:02:08","modified_gmt":"2024-11-22T13:02:08","slug":"sonelag-sesongen-2024-25","status":"publish","type":"msswb-post","link":"https:\/\/bandyforbundet.no\/oslo-og-akershus\/?msswb-post=sonelag-sesongen-2024-25","title":{"rendered":"Sonelag sesongen 2024\/25"},"content":{"rendered":"\n<p>Dette er en fin mulighet for unge spillere til \u00e5 utvikle ferdigheter og bygge relasjoner p\u00e5 tvers av klubber. OABR \u00f8nsker \u00e5 fremme at i sonelagstiltaket vil individets muligheter for utvikling st\u00e5 sterkere enn \u00e5 m\u00e5let om vinne enkeltkamper.<\/p>\n\n\n\n<p>I tr\u00e5d med vedtaket som er godkjent av styret er det en gradvis \u00f8kning i antall lag og deltakende \u00e5rsklasser. Det betyr at denne sesongen gjennomf\u00f8res med totalt 3 lag p\u00e5 jentesiden og 2 p\u00e5 guttesiden.<\/p>\n\n\n\n<p><strong>Gjeldende \u00e5rskull og antall lag:<\/strong><\/p>\n\n\n\n<p>1 lag for jenter f\u00f8dt i 2007-2008<\/p>\n\n\n\n<p>2 lag for jenter f\u00f8dt i 2009-2010 <\/p>\n\n\n\n<p>2 lag for gutter f\u00f8dt i 2008-2009 <\/p>\n\n\n\n<p><\/p>\n\n\n\n<p><\/p>\n\n\n\n<p><strong>Samlinger:<\/strong><\/p>\n\n\n\n<p>Samling 1: 15. &#8211; 16.februar 2025<\/p>\n\n\n\n<p>Samling 2: 26. &#8211; 27.april 2025<\/p>\n\n\n\n<p>Samling 3: 14. &#8211; 15. juni 2025<\/p>\n\n\n\n<p><\/p>\n\n\n\n<p><\/p>\n\n\n\n<p><strong>Forklaring av sonelagsmodellen:<\/strong><\/p>\n\n\n\n<p>M\u00e5lene for tiltaket er:<\/p>\n\n\n\n<ul class=\"wp-block-list\">\n<li>\u00c5 forberede potensielle landslagsspillere p\u00e5 et kommende U19-landslagsuttak<\/li>\n\n\n\n<li>\u00c5 lage et sikkerhetsnett\/arena for \u00abde nest beste\u00bb som ikke blir tatt ut p\u00e5 landslagene<\/li>\n\n\n\n<li>\u00c5 v\u00e6re en utviklingsarena b\u00e5de i treningssituasjon og i kampsituasjon<\/li>\n\n\n\n<li>\u00c5 skape en arena der individets mulighet for \u00e5 utvikle seg er viktigere enn \u00e5 vinne enkeltkamper<\/li>\n\n\n\n<li>Ikke v\u00e6re en arena for de som allerede er tatt ut til landslagene<\/li>\n<\/ul>\n\n\n\n<p><\/p>\n\n\n\n<p><\/p>\n\n\n\n<p>OABR sin sonelagsmodell baserer seg p\u00e5 et potensielt 4\u00e5rig l\u00f8p p\u00e5 sonelag. <\/p>\n\n\n\n<div class=\"wp-block-group\"><div class=\"wp-block-group__inner-container\"><div class=\"msswb-image-frontend-app\"data-href-target=\"false\" data-href=\"%22%22\" data-use-link=\"false\" data-screen-width=\"false\" data-alignment=\"%22center%22\" data-url=\"%22%5C%2Fwp-content%5C%2Fuploads%5C%2Fsites%5C%2F7%5C%2F2024%5C%2F11%5C%2Fsonelag-forlop.png%22\" data-is-background-image=\"false\" data-border-radius=\"0\" data-image-width=\"1183\" data-image-height=\"250\" data-selected-image=\"%7B%22image_id%22%3A6347%2C%22blog_id%22%3A7%2C%22term_id%22%3A-1%2C%22selected_size%22%3A%22full%22%7D\" data-image-aspect-ratio=\"0.21\" data-alt-text=\"%22%22\" data-caption=\"%22Forl%5Cu00f8p%20for%20et%20%5Cu00e5rskull%20%28f.eks.%20jenter%2020XX%29%22\" data-width=\"900\" data-height=\"189\" data-focal-point=\"\" data-show-light-box=\"true\" >\n<div class=\"msswb-image-block msswbcenter\" style=\"width:900px\"><div class=\"msswb-image show-lightbox\"><div class=\"image-container\" style=\"width:900px;height:189px\"><img decoding=\"async\" style=\"width:900px;height:189px\" src=\"\/wp-content\/uploads\/sites\/7\/2024\/11\/sonelag-forlop.png\" \/><\/div><\/div><div class=\"msswb-image-caption-container\"><div class=\"msswb-image-caption\">Forl\u00f8p for et \u00e5rskull (f.eks. jenter 20XX)<\/div><\/div><\/div>\n<\/div><\/div><\/div>\n\n\n\n<p><\/p>\n\n\n\n<p>F\u00f8rste samling p\u00e5 for sonelagene er en uttakssamling med plass til inntil 50 spillere per kull. Deretter er blir det uttak til samling 2 og 3. Det er trenerne som har ansvar for uttaket til alle samlingene.<\/p>\n\n\n\n<p>I sesong 2 gjennomf\u00f8res det en ny samling hvor det blir mulig \u00e5 vise seg frem for trenere. Det er s\u00e5 uttak til samling 2 og 3.<\/p>\n\n\n\n<p>Sesong 3 og 4 gjennomf\u00f8res med et lukket konsept med samlinger basert p\u00e5 uttak. Til sesong 3 og 4 er de spillerne som har v\u00e6rt med p\u00e5 sonelagene i sesong 1 og 2, og ikke har kommet med videre p\u00e5 U19 landslagssamlinger som er aktuelle.<\/p>\n\n\n\n<p><\/p>\n\n\n\n<p><strong>Det vil komme mer informasjon om uttak og samlinger n\u00e5r trenere og koordinatorer er ansatt.<\/strong><\/p>\n\n\n\n<div class=\"wp-block-group\"><div class=\"wp-block-group__inner-container\"><\/div><\/div>\n\n\n\n<p><\/p>\n\n\n\n<p> <\/p>\n\n\n<div class=\"msswb-image-frontend-app\"data-href-target=\"false\" data-href=\"%22%22\" data-use-link=\"false\" data-screen-width=\"false\" data-alignment=\"%22center%22\" data-url=\"%22%5C%2Fwp-content%5C%2Fuploads%5C%2Fsites%5C%2F7%5C%2F2024%5C%2F11%5C%2Fsonelag-kommende-sesonger.png%22\" data-is-background-image=\"false\" data-border-radius=\"0\" data-image-width=\"1602\" data-image-height=\"475\" data-selected-image=\"%7B%22image_id%22%3A6346%2C%22blog_id%22%3A7%2C%22term_id%22%3A-1%2C%22selected_size%22%3A%22full%22%7D\" data-image-aspect-ratio=\"0.3\" data-alt-text=\"%22%22\" data-caption=\"%22Plan%20for%20kommende%20sesonger%22\" data-width=\"900\" data-height=\"270\" data-focal-point=\"\" data-show-light-box=\"true\" >\n<div class=\"msswb-image-block msswbcenter\" style=\"width:900px\"><div class=\"msswb-image show-lightbox\"><div class=\"image-container\" style=\"width:900px;height:270px\"><img decoding=\"async\" style=\"width:900px;height:270px\" src=\"\/wp-content\/uploads\/sites\/7\/2024\/11\/sonelag-kommende-sesonger.png\" \/><\/div><\/div><div class=\"msswb-image-caption-container\"><div class=\"msswb-image-caption\">Plan for kommende sesonger<\/div><\/div><\/div>\n<\/div>\n\n\n<p><\/p>\n\n\n\n<p><strong>Sesongen 24\/25<\/strong> gjennomf\u00f8res med totalt 5 treningsgrupper  (3 jenter og 2 gutter). For gutter gjelder det spillere f\u00f8dt i 2008 og 2009. Mens for jenter gjelder det spillere f\u00f8dt i 2007, 2008, 2009 og 2010. <\/p>\n\n\n\n<p><strong>Sesongen 25\/26<\/strong> gjennomf\u00f8res med totalt 6 treningsgrupper  (3 jenter og 3 gutter). For gutter gjelder 2008 &#8211; 2010. Og jenter gjelder det 2007 &#8211; 2010<\/p>\n\n\n\n<p>Fullskala drift av sonelag inneb\u00e6rer totalt 6 treningsgrupper og er gjeldende fra sesongen 2025\/2026.<\/p>\n\n\n\n<p><\/p>\n\n\n\n<p><\/p>\n\n\n\n<p><\/p>\n\n\n\n<p><\/p>\n\n\n\n<p><strong>\u00d8konomi<\/strong><\/p>\n\n\n\n<p>For kommende sesong vil prisen v\u00e6re 1.000 kr per spiller som deltar til og med siste samling i juni.<\/p>\n\n\n\n<p>Kostnaden dekker regionens utgifter knyttet til tiltaket. <\/p>\n\n\n\n<p><\/p>\n\n\n\n<p><\/p>\n\n\n\n<p><\/p>\n\n\n\n<p><strong>Kontakt oss:<\/strong><\/p>\n\n\n\n<p>Det er lyst ut stillinger som sonelagstrener og sonelagskoordinatorer &#8211; <a href=\"https:\/\/bandyforbundet.no\/oslo-og-akershus\/?msswb-post=stillingsutlysninger-sonelag-sesongen-24-25\" data-type=\"URL\" data-id=\"https:\/\/bandyforbundet.no\/oslo-og-akershus\/?msswb-post=stillingsutlysninger-sonelag-sesongen-24-25\" target=\"_blank\" rel=\"noreferrer noopener\">utlysningene kan leses her.<\/a><\/p>\n\n\n\n<p>Har du sp\u00f8rsm\u00e5l \u2013 send oss gjerne en epost til <a rel=\"noreferrer noopener\" href=\"mailto:innebandy.oabr@nif.idrett.no\" target=\"_blank\">innebandy.oabr@nif.idrett.no<\/a><\/p>\n\n\n\n<p><\/p>\n","protected":false},"excerpt":{"rendered":"<p>Oslo og Akerhus Bandyregion inviterer til sonelagssamlinger for sesongen 2024\/25<\/p>\n","protected":false},"author":63,"template":"","meta":{"article_featured_image":"{\"image_id\":6329,\"blog_id\":7,\"term_id\":94,\"selected_size\":\"full\",\"extendedData\":{\"selectedSize\":{\"url\":\"\/wp-content\/uploads\/sites\/7\/2024\/11\/sonelag-bilde-scaled.jpg\",\"width\":2560,\"height\":1920,\"aspectRatio\":0.75},\"media\":{\"image_name\":\"sonelag bilde\",\"image\":{\"ID\":6329,\"post_author\":\"63\",\"post_date\":\"2024-11-21 13:37:01\",\"post_date_gmt\":\"2024-11-21 13:37:01\",\"post_content\":\"\",\"post_title\":\"sonelag bilde\",\"post_excerpt\":\"Foto: Ronny Baltzersen\",\"post_status\":\"inherit\",\"comment_status\":\"closed\",\"ping_status\":\"closed\",\"post_password\":\"\",\"post_name\":\"sonelag-bilde\",\"to_ping\":\"\",\"pinged\":\"\",\"post_modified\":\"2024-11-22 09:35:43\",\"post_modified_gmt\":\"2024-11-22 09:35:43\",\"post_content_filtered\":\"\",\"post_parent\":0,\"guid\":\"https:\/\/bandyforbundet.no\/oslo-og-akershus\/wp-content\/uploads\/sites\/7\/2024\/11\/sonelag-bilde.jpg\",\"menu_order\":0,\"post_type\":\"attachment\",\"post_mime_type\":\"image\/jpeg\",\"comment_count\":\"0\",\"filter\":\"raw\"},\"image_sizes\":{\"full\":{\"url\":\"\/wp-content\/uploads\/sites\/7\/2024\/11\/sonelag-bilde-scaled.jpg\",\"width\":2560,\"height\":1920,\"aspectRatio\":0.75},\"medium\":{\"url\":\"\/wp-content\/uploads\/sites\/7\/2024\/11\/sonelag-bilde-300x225.jpg\",\"width\":300,\"height\":300},\"large\":{\"url\":\"\/wp-content\/uploads\/sites\/7\/2024\/11\/sonelag-bilde-1024x768.jpg\",\"width\":1024,\"height\":1024},\"thumbnail\":{\"url\":\"\/wp-content\/uploads\/sites\/7\/2024\/11\/sonelag-bilde-150x150.jpg\",\"width\":150,\"height\":150},\"medium_large\":{\"url\":\"\/wp-content\/uploads\/sites\/7\/2024\/11\/sonelag-bilde-768x576.jpg\",\"width\":768,\"height\":768},\"1536x1536\":{\"url\":\"\/wp-content\/uploads\/sites\/7\/2024\/11\/sonelag-bilde-1536x1152.jpg\",\"width\":1536,\"height\":1536},\"2048x2048\":{\"url\":\"\/wp-content\/uploads\/sites\/7\/2024\/11\/sonelag-bilde-2048x1536.jpg\",\"width\":2048,\"height\":2048},\"large-thumb\":{\"url\":\"\/wp-content\/uploads\/sites\/7\/2024\/11\/sonelag-bilde-600x600.jpg\",\"width\":600,\"height\":600},\"post-thumbnail\":{\"url\":\"\/wp-content\/uploads\/sites\/7\/2024\/11\/sonelag-bilde-1200x900.jpg\",\"width\":1200,\"height\":1200},\"twentytwenty-fullscreen\":{\"url\":\"\/wp-content\/uploads\/sites\/7\/2024\/11\/sonelag-bilde-1980x1485.jpg\",\"width\":1980,\"height\":1980}},\"image_meta\":{\"aperture\":\"1.8\",\"credit\":\"\",\"camera\":\"iPhone 11\",\"caption\":\"\",\"created_timestamp\":\"1717937635\",\"copyright\":\"\",\"focal_length\":\"4.25\",\"iso\":\"64\",\"shutter_speed\":\"0.020408163265306\",\"title\":\"\",\"orientation\":\"1\",\"keywords\":[]},\"image_excerpt\":\"Foto: Ronny Baltzersen\",\"image_alt\":\"\",\"subdir\":\"2024\/11\"},\"blog\":{\"blog_name\":\"Oslo og akershus\",\"blog_path\":\"https:\/\/bandyforbundet.no\/oslo-og-akershus\",\"base_url\":\"\/oslo-og-akershus\",\"base_uploads_url\":\"\/wp-content\/uploads\/sites\/7\"},\"mediaCategory\":{\"term_id\":94,\"name\":\"Bilder\",\"slug\":\"bilder\",\"term_group\":0,\"term_taxonomy_id\":94,\"taxonomy\":\"msswb-media-categories\",\"description\":\"\",\"parent\":0,\"count\":131,\"filter\":\"raw\"},\"mediaCategories\":[{\"term_id\":94,\"name\":\"Bilder\",\"slug\":\"bilder\",\"term_group\":0,\"term_taxonomy_id\":94,\"taxonomy\":\"msswb-media-categories\",\"description\":\"\",\"parent\":0,\"count\":131,\"filter\":\"raw\"}]},\"show_desc\":true,\"image_desc\":\"Foto: Ronny Baltzersen\"}","footnotes":""},"categories":[3,2],"msswb-post-shared":[],"class_list":["post-6325","msswb-post","type-msswb-post","status-publish","hentry","category-aktivitetstilbud","category-oslo-og-akershus-bandyregion"],"_links":{"self":[{"href":"https:\/\/bandyforbundet.no\/oslo-og-akershus\/index.php?rest_route=\/wp\/v2\/msswb-post\/6325","targetHints":{"allow":["GET"]}}],"collection":[{"href":"https:\/\/bandyforbundet.no\/oslo-og-akershus\/index.php?rest_route=\/wp\/v2\/msswb-post"}],"about":[{"href":"https:\/\/bandyforbundet.no\/oslo-og-akershus\/index.php?rest_route=\/wp\/v2\/types\/msswb-post"}],"author":[{"embeddable":true,"href":"https:\/\/bandyforbundet.no\/oslo-og-akershus\/index.php?rest_route=\/wp\/v2\/users\/63"}],"version-history":[{"count":26,"href":"https:\/\/bandyforbundet.no\/oslo-og-akershus\/index.php?rest_route=\/wp\/v2\/msswb-post\/6325\/revisions"}],"predecessor-version":[{"id":6362,"href":"https:\/\/bandyforbundet.no\/oslo-og-akershus\/index.php?rest_route=\/wp\/v2\/msswb-post\/6325\/revisions\/6362"}],"wp:attachment":[{"href":"https:\/\/bandyforbundet.no\/oslo-og-akershus\/index.php?rest_route=%2Fwp%2Fv2%2Fmedia&parent=6325"}],"wp:term":[{"taxonomy":"category","embeddable":true,"href":"https:\/\/bandyforbundet.no\/oslo-og-akershus\/index.php?rest_route=%2Fwp%2Fv2%2Fcategories&post=6325"},{"taxonomy":"msswb-post-shared","embeddable":true,"href":"https:\/\/bandyforbundet.no\/oslo-og-akershus\/index.php?rest_route=%2Fwp%2Fv2%2Fmsswb-post-shared&post=6325"}],"curies":[{"name":"wp","href":"https:\/\/api.w.org\/{rel}","templated":true}]}}