{"id":6333,"date":"2024-11-22T12:54:55","date_gmt":"2024-11-22T12:54:55","guid":{"rendered":"https:\/\/bandyforbundet.no\/oslo-og-akershus\/?post_type=msswb-post&#038;p=6333"},"modified":"2024-12-03T08:06:10","modified_gmt":"2024-12-03T08:06:10","slug":"stillingsutlysninger-sonelag-sesongen-24-25","status":"publish","type":"msswb-post","link":"https:\/\/bandyforbundet.no\/oslo-og-akershus\/?msswb-post=stillingsutlysninger-sonelag-sesongen-24-25","title":{"rendered":"Stillingsutlysninger sonelag sesongen 24\/25"},"content":{"rendered":"\n<p><\/p>\n\n\n\n<p><strong>Samlingsdatoer for sesongen 24\/25:<\/strong><\/p>\n\n\n\n<ul class=\"wp-block-list\">\n<li>Samling 1: 15. &#8211; 16.februar<\/li>\n\n\n\n<li>Samling 2: 26. &#8211; 27.april<\/li>\n\n\n\n<li>samling 3: 14. &#8211; 15.juni<\/li>\n<\/ul>\n\n\n\n<p>Det forventes at trener og koordinator deltar p\u00e5\/stiller p\u00e5 alle samlinger.<\/p>\n\n\n\n<h6 class=\"wp-block-heading\">Trenere<\/h6>\n\n\n\n<p>Til gjennomf\u00f8ring av sonelagssamlinger sesongen 24\/25 s\u00f8ker vi 5 trenere som f\u00e5r ansvar for hver sin treningsgruppe:<\/p>\n\n\n\n<ul class=\"wp-block-list\">\n<li>2 trenere til gutter 08\/09<\/li>\n\n\n\n<li>1 trener til jenter 07\/08<\/li>\n\n\n\n<li>2 trenere til jenter 09\/10<\/li>\n<\/ul>\n\n\n\n<p><strong><em>Arbeidsoppgaver<\/em><\/strong><\/p>\n\n\n\n<ul class=\"wp-block-list\">\n<li>Sportslig ansvarlig for tiltaket<\/li>\n\n\n\n<li>Uttak av spillere til samlinger<\/li>\n\n\n\n<li>Kommunikasjon med foreldre\/foresatte<\/li>\n\n\n\n<li>Gjennomf\u00f8ring av trening<\/li>\n\n\n\n<li>Kampledelse<\/li>\n\n\n\n<li>Bidra til \u00e5 videreutvikle sonelagskonseptet<\/li>\n\n\n\n<li>Bidra til klubbutvikling og godt samarbeidsklima i regionen<\/li>\n<\/ul>\n\n\n\n<p>Det forutsettes at oppgavene l\u00f8ses i tett samarbeid med koordinatorer og de andre sonelagstrenerne.<\/p>\n\n\n\n<p>Sonelagstrener rapporterer til OABRs administrasjon.<\/p>\n\n\n\n<p><strong><em>\u00d8nsket erfaring og kvalifikasjoner<\/em><\/strong><\/p>\n\n\n\n<ul class=\"wp-block-list\">\n<li>Solid erfaring fra trenerarbeid<\/li>\n\n\n\n<li>Kurs p\u00e5 trener 1-niv\u00e5 i NBFs trenerl\u00f8ype eller tilsvarende. Omfattende og relevant trenererfaring kan kompensere for manglende formell kompetanse.<\/li>\n\n\n\n<li>Brennende engasjement for \u00e5 utvikle unge spillere<\/li>\n\n\n\n<li>God til \u00e5 kommunisere<\/li>\n\n\n\n<li>Dynamisk, strukturert og effektiv<\/li>\n\n\n\n<li>Trives i trenerrollen og har gode samarbeidsevner<\/li>\n\n\n\n<li>Evne til \u00e5 representere OABR p\u00e5 en positiv m\u00e5te<\/li>\n<\/ul>\n\n\n\n<p>Kvinner oppfordres til \u00e5 s\u00f8ke.<\/p>\n\n\n\n<div class=\"wp-block-msswb-spacer msswb-spacer-container\" style=\"height:50px\"><div class=\"line\" style=\"height:25px\"><\/div><div class=\"line-center-divider\"><\/div><\/div>\n\n\n\n<h6 class=\"wp-block-heading\">Koordinatorer<\/h6>\n\n\n\n<p>Til gjennomf\u00f8ring av sonelagssamlinger sesongen 24\/25 s\u00f8ker vi 2 koordinatorer:<\/p>\n\n\n\n<ul class=\"wp-block-list\">\n<li>Ansvarlig for praktisk gjennomf\u00f8ring av samlingene<\/li>\n\n\n\n<li>Praktisk forarbeid (s\u00f8rge for at drakter, utstyr osv. er p\u00e5 plass under samlingene)<\/li>\n\n\n\n<li>Praktisk gjennomf\u00f8ring til \u00f8ktene (s\u00f8rge for mat, utstyr og h\u00e5ndtering av eventuelle skader osv.)<\/li>\n\n\n\n<li>Ansvarlig for praktisk gjennomf\u00f8ring av kamp<\/li>\n\n\n\n<li>Praktisk etterarbeid (vaske\/levere drakter, utstyr osv.)<\/li>\n<\/ul>\n\n\n\n<p>Det forutsettes at oppgavene l\u00f8ses i tett samarbeid med den andre koordinatoren og sonelagstrenerne.<\/p>\n\n\n\n<p>Koordinatorene rapporterer til OABRs administrasjon.<\/p>\n\n\n\n<p><strong><em>\u00d8nsket erfaring og kvalifikasjoner<\/em><\/strong><\/p>\n\n\n\n<ul class=\"wp-block-list\">\n<li>Erfaring med tilsvarende arbeidsoppgaver<\/li>\n\n\n\n<li>Trives med teamarbeid og har gode samarbeidsevner<\/li>\n\n\n\n<li>God til \u00e5 kommunisere<\/li>\n\n\n\n<li>L\u00f8sningsorientert, strukturert og effektiv<\/li>\n\n\n\n<li>Evne til \u00e5 representere OABR p\u00e5 en positiv m\u00e5te<\/li>\n<\/ul>\n\n\n\n<p>Kvinner oppfordres til \u00e5 s\u00f8ke.<\/p>\n\n\n\n<div class=\"wp-block-msswb-spacer msswb-spacer-container\" style=\"height:50px\"><div class=\"line\" style=\"height:25px\"><\/div><div class=\"line-center-divider\"><\/div><\/div>\n\n\n\n<p><strong>Har du sp\u00f8rsm\u00e5l, ta kontakt med:<\/strong><\/p>\n\n\n\n<p>Kjetil Moberget, daglig leder<\/p>\n\n\n\n<p><a href=\"mailto:kjetil.moberget@nif.idrett.no\">kjetil.moberget@nif.idrett.no<\/a><\/p>\n\n\n\n<p><strong>S\u00f8knad sendes til:<\/strong><\/p>\n\n\n\n<p><a href=\"mailto:innebandy.oabr@nif.idrett.no\">innebandy.oabr@nif.idrett.no<\/a><\/p>\n\n\n\n<p>S\u00f8knadsfrist: <strong>8. desember 2024.<\/strong>  Aktuelle kandidater blir kontaktet fortl\u00f8pende.<\/p>\n","protected":false},"excerpt":{"rendered":"<p>Oslo og Akershus bandyregion s\u00f8ker trenere og koordinatorer til regionens sonelag. Vi s\u00f8ker flere utviklingsorienterte ressurspersoner som kan bidra p\u00e5 sonelagene sesongen 24\/25.<\/p>\n","protected":false},"author":63,"template":"","meta":{"article_featured_image":"{\"image_id\":4747,\"blog_id\":7,\"term_id\":-1}","footnotes":""},"categories":[2,67],"msswb-post-shared":[],"class_list":["post-6333","msswb-post","type-msswb-post","status-publish","hentry","category-oslo-og-akershus-bandyregion","category-spillerutvikling"],"_links":{"self":[{"href":"https:\/\/bandyforbundet.no\/oslo-og-akershus\/index.php?rest_route=\/wp\/v2\/msswb-post\/6333","targetHints":{"allow":["GET"]}}],"collection":[{"href":"https:\/\/bandyforbundet.no\/oslo-og-akershus\/index.php?rest_route=\/wp\/v2\/msswb-post"}],"about":[{"href":"https:\/\/bandyforbundet.no\/oslo-og-akershus\/index.php?rest_route=\/wp\/v2\/types\/msswb-post"}],"author":[{"embeddable":true,"href":"https:\/\/bandyforbundet.no\/oslo-og-akershus\/index.php?rest_route=\/wp\/v2\/users\/63"}],"version-history":[{"count":6,"href":"https:\/\/bandyforbundet.no\/oslo-og-akershus\/index.php?rest_route=\/wp\/v2\/msswb-post\/6333\/revisions"}],"predecessor-version":[{"id":6422,"href":"https:\/\/bandyforbundet.no\/oslo-og-akershus\/index.php?rest_route=\/wp\/v2\/msswb-post\/6333\/revisions\/6422"}],"wp:attachment":[{"href":"https:\/\/bandyforbundet.no\/oslo-og-akershus\/index.php?rest_route=%2Fwp%2Fv2%2Fmedia&parent=6333"}],"wp:term":[{"taxonomy":"category","embeddable":true,"href":"https:\/\/bandyforbundet.no\/oslo-og-akershus\/index.php?rest_route=%2Fwp%2Fv2%2Fcategories&post=6333"},{"taxonomy":"msswb-post-shared","embeddable":true,"href":"https:\/\/bandyforbundet.no\/oslo-og-akershus\/index.php?rest_route=%2Fwp%2Fv2%2Fmsswb-post-shared&post=6333"}],"curies":[{"name":"wp","href":"https:\/\/api.w.org\/{rel}","templated":true}]}}