{"id":12869,"date":"2026-03-05T13:10:40","date_gmt":"2026-03-05T13:10:40","guid":{"rendered":"https:\/\/bandyforbundet.no\/sorvest-bandyregion\/?post_type=msswb-post&#038;p=12869"},"modified":"2026-03-06T11:36:00","modified_gmt":"2026-03-06T11:36:00","slug":"klubbkveld-rogaland-11-mars-2026","status":"publish","type":"msswb-post","link":"https:\/\/bandyforbundet.no\/sorvest-bandyregion\/?msswb-post=klubbkveld-rogaland-11-mars-2026","title":{"rendered":"Klubbkveld Rogaland 11. mars 2026"},"content":{"rendered":"\n<p><strong>Kj\u00e6re klubbledere, trenere og ildsjeler i S\u00f8rvest Bandyregion!<\/strong><br><\/p>\n\n\n\n<p>Vi har gleden av \u00e5 invitere alle v\u00e5re medlemsklubber til en inspirerende og nyttig&nbsp;<strong>klubbkveld<\/strong>&nbsp;onsdag 11. mars 2026.<\/p>\n\n\n\n<p>Vi er glade for \u00e5 ha med oss Sandnes IBK p\u00e5 denne klubbkvelden. Sandnes IBK er blitt en av Norges st\u00f8rste innebandyklubber og har opparbeidet seg en &laquo;ja &#8211; kultur&raquo; internt i klubben. De vil presentere hvordan de bevisst og m\u00e5lrettet har jobbet for \u00e5 n\u00e5 sine m\u00e5l som klubb de siste \u00e5rene. Temaer blir blant annet klubbutvikling, kulturbygging, markedsf\u00f8ring og m.m.<\/p>\n\n\n\n<p>Vi \u00f8nsker at denne kvelden skal gi alle klubber inspirasjon og motivasjon. V\u00e5rt m\u00e5l er at klubber sammen kan samarbeide for \u00e5 n\u00e5 sine m\u00e5l. For at innebandyen skal vokse og utvikle seg er vi helt avhengig av at klubber sammen samarbeider, utvikler seg og jobber m\u00e5lrettet mot m\u00e5let. <\/p>\n\n\n\n<p><strong><em>Er du ressursperson, styremedlem eller bare brenner for innebandy i din klubb er dette kvelden for deg. <\/em><\/strong><\/p>\n\n\n\n<p>Agenda: <\/p>\n\n\n\n<ul class=\"wp-block-list\">\n<li>Kl. 19:00-19:30: Administrasjonen informerer om serieplanlegging, kommunikasjon og plan-arbeid<\/li>\n\n\n\n<li>Liten pause for p\u00e5fyll av kaffe og snacks<\/li>\n\n\n\n<li>Kl.19:40-20:30: Presentasjon Sandnes IBK <\/li>\n\n\n\n<li>Kl. 20:30- ca 21:00: <strong>\u00c5pen post<\/strong>. Din klubbs stemme er viktig \u2013 hva trenger dere fra oss?<\/li>\n<\/ul>\n\n\n\n<p><strong>Til info<\/strong>: <em>Dette \u00e5ret vil vi sende ut sp\u00f8rreskjema til alle klubber i seriespill der man kan gi konkrete tilbakemeldinger om seriespill og \u00f8nsker for neste sesong.<\/em> P\u00e5 den m\u00e5ten vil vi s\u00f8rge for at alle klubber blir h\u00f8rt og p\u00e5 lik linje f\u00e5r mulighet til \u00e5 gi tilbakemelding. <\/p>\n\n\n\n<p><strong>Sted<\/strong> for kvelden er Dnb Arena, Stavanger. Denne gangen m\u00f8tes vi i <strong>&laquo;Cafeen i foajeen&raquo;<\/strong>, som er et m\u00f8terom i 1. etg inne i arenaen. G\u00e5 inn hovedinngang og til h\u00f8yre.<br><strong>Servering:<\/strong>\u00a0Vi spanderer enkel bevertning, kaffe og god stemning!<\/p>\n\n\n\n<p>For \u00e5 beregne mat og plass, ber vi om p\u00e5melding p\u00e5 skjema <a href=\"https:\/\/forms.gle\/Mir7xtbmCPWgqmRH6\">her<\/a> innen fredag 6. mars.<\/p>\n\n\n\n<p><strong>Bli med og sett farge p\u00e5 innebandy-fremtiden i S\u00f8rvest!<\/strong>&nbsp;Vi gleder oss til \u00e5 se representanter fra alle klubber til en kveld preget av idrettsglede og samarbeid.<\/p>\n\n\n\n<p>Det planlegges Klubbkveld i Agder tirsdag 19. mai 2026. Mer info kommer!<\/p>\n","protected":false},"excerpt":{"rendered":"<p>S\u00f8rvest Bandyregion inviterer til Klubbkveld i Rogaland onsdag 11. mars fra kl. 19:00. Denne gangen er tema blant annet: Klubbutvikling, kulturbygging og markedsf\u00f8ring.<\/p>\n","protected":false},"author":32,"template":"","meta":{"article_featured_image":"{\"image_id\":12884,\"blog_id\":12,\"term_id\":237}","footnotes":""},"categories":[3,78,2,181],"msswb-post-shared":[],"class_list":["post-12869","msswb-post","type-msswb-post","status-publish","hentry","category-aktivitetstilbud","category-praktisk-info","category-sorvest-bandyregion","category-utvikling"],"_links":{"self":[{"href":"https:\/\/bandyforbundet.no\/sorvest-bandyregion\/index.php?rest_route=\/wp\/v2\/msswb-post\/12869","targetHints":{"allow":["GET"]}}],"collection":[{"href":"https:\/\/bandyforbundet.no\/sorvest-bandyregion\/index.php?rest_route=\/wp\/v2\/msswb-post"}],"about":[{"href":"https:\/\/bandyforbundet.no\/sorvest-bandyregion\/index.php?rest_route=\/wp\/v2\/types\/msswb-post"}],"author":[{"embeddable":true,"href":"https:\/\/bandyforbundet.no\/sorvest-bandyregion\/index.php?rest_route=\/wp\/v2\/users\/32"}],"version-history":[{"count":5,"href":"https:\/\/bandyforbundet.no\/sorvest-bandyregion\/index.php?rest_route=\/wp\/v2\/msswb-post\/12869\/revisions"}],"predecessor-version":[{"id":12898,"href":"https:\/\/bandyforbundet.no\/sorvest-bandyregion\/index.php?rest_route=\/wp\/v2\/msswb-post\/12869\/revisions\/12898"}],"wp:attachment":[{"href":"https:\/\/bandyforbundet.no\/sorvest-bandyregion\/index.php?rest_route=%2Fwp%2Fv2%2Fmedia&parent=12869"}],"wp:term":[{"taxonomy":"category","embeddable":true,"href":"https:\/\/bandyforbundet.no\/sorvest-bandyregion\/index.php?rest_route=%2Fwp%2Fv2%2Fcategories&post=12869"},{"taxonomy":"msswb-post-shared","embeddable":true,"href":"https:\/\/bandyforbundet.no\/sorvest-bandyregion\/index.php?rest_route=%2Fwp%2Fv2%2Fmsswb-post-shared&post=12869"}],"curies":[{"name":"wp","href":"https:\/\/api.w.org\/{rel}","templated":true}]}}